{"id":115580,"date":"2024-06-04T13:05:00","date_gmt":"2024-06-04T16:05:00","guid":{"rendered":"https:\/\/www.actualidadadiario.com\/?p=115580"},"modified":"2024-06-04T13:05:00","modified_gmt":"2024-06-04T16:05:00","slug":"diputados-se-suben-el-sueldo-y-pasaran-a-cobrar-mas-de-22-millones","status":"publish","type":"post","link":"https:\/\/www.actualidadadiario.com\/index.php\/2024\/06\/04\/diputados-se-suben-el-sueldo-y-pasaran-a-cobrar-mas-de-22-millones\/","title":{"rendered":"Diputados se suben el sueldo y pasar\u00e1n a cobrar m\u00e1s de $2,2 millones"},"content":{"rendered":"<p style=\"text-align: center;\"><em><strong>Antes del inicio de una nueva sesi\u00f3n, la C\u00e1mara baja arregl\u00f3 un incremento de sus haberes que, hasta este mes, eran de $1,2 millones de bolsillo<\/strong><\/em><\/p>\n<p>&nbsp;<\/p>\n<p>&nbsp;<\/p>\n<p>La C\u00e1mara de Diputados tendr\u00e1 una ajuste que rondar\u00eda el 80% en sus dietas, confirmaron fuentes parlamentarias a \u00c1mbito. La suba ser\u00e1 en tres cuotas desde los pr\u00f3ximos meses y ser\u00eda la primera desde noviembre. El acuerdo se realiz\u00f3 una semana despu\u00e9s del incremento que percibieron en las dietas los miembros del Senado de la Naci\u00f3ny se oficializar\u00eda en una sesi\u00f3n que prev\u00e9 discutir un nuevo sistema jubilatorio y la emergencia presupuestaria de universidades.<\/p>\n<p>A partir de este incremento, los diputados pasar\u00e1n a percibir m\u00e1s de $2,2 millones. Los legisladores cobraban $1,2 millones por mes y solicitaban una actualizaci\u00f3n en sus dietas, principalmente los provenientes de las provincias que argumentaban la necesidad de costear los gastos de hoteler\u00eda y alquiler en la ciudad de Buenos Aires en las jornadas de sesi\u00f3n.<\/p>\n<p>Si bien desde Casa Rosada insisten en el congelamiento de los haberes del cuerpo parlamentario, y en la gestualidad proponen iniciativas para retrotraer los aumentos que finalmente no se abordan en el \u00e1mbito legislativo, la falta de una reglamentaci\u00f3n que establezca par\u00e1metros para los incrementos salariales termina habilitando las partidas discrecionales acordada por los diputados y que Mart\u00edn Menem, presidente de esa C\u00e1mara, autorizar\u00eda por resoluci\u00f3n para que evitar una votaci\u00f3n en el recinto.<\/p>\n","protected":false},"excerpt":{"rendered":"<p>Antes del inicio de una nueva sesi\u00f3n, la C\u00e1mara baja arregl\u00f3 un incremento de sus haberes que, hasta este mes, eran de $1,2 millones de bolsillo &nbsp; &nbsp; La C\u00e1mara de Diputados tendr\u00e1 una ajuste que rondar\u00eda el 80% en sus dietas, confirmaron fuentes parlamentarias a \u00c1mbito. La suba ser\u00e1 en tres cuotas desde los pr\u00f3ximos meses y ser\u00eda la primera desde noviembre. El acuerdo se realiz\u00f3 una semana despu\u00e9s del incremento que percibieron en las dietas los miembros del Senado de la Naci\u00f3ny se oficializar\u00eda en una sesi\u00f3n que&#8230;<\/p>\n","protected":false},"author":3,"featured_media":115581,"comment_status":"closed","ping_status":"closed","sticky":false,"template":"","format":"standard","meta":[],"categories":[18],"tags":[],"_links":{"self":[{"href":"https:\/\/www.actualidadadiario.com\/index.php\/wp-json\/wp\/v2\/posts\/115580"}],"collection":[{"href":"https:\/\/www.actualidadadiario.com\/index.php\/wp-json\/wp\/v2\/posts"}],"about":[{"href":"https:\/\/www.actualidadadiario.com\/index.php\/wp-json\/wp\/v2\/types\/post"}],"author":[{"embeddable":true,"href":"https:\/\/www.actualidadadiario.com\/index.php\/wp-json\/wp\/v2\/users\/3"}],"replies":[{"embeddable":true,"href":"https:\/\/www.actualidadadiario.com\/index.php\/wp-json\/wp\/v2\/comments?post=115580"}],"version-history":[{"count":1,"href":"https:\/\/www.actualidadadiario.com\/index.php\/wp-json\/wp\/v2\/posts\/115580\/revisions"}],"predecessor-version":[{"id":115582,"href":"https:\/\/www.actualidadadiario.com\/index.php\/wp-json\/wp\/v2\/posts\/115580\/revisions\/115582"}],"wp:featuredmedia":[{"embeddable":true,"href":"https:\/\/www.actualidadadiario.com\/index.php\/wp-json\/wp\/v2\/media\/115581"}],"wp:attachment":[{"href":"https:\/\/www.actualidadadiario.com\/index.php\/wp-json\/wp\/v2\/media?parent=115580"}],"wp:term":[{"taxonomy":"category","embeddable":true,"href":"https:\/\/www.actualidadadiario.com\/index.php\/wp-json\/wp\/v2\/categories?post=115580"},{"taxonomy":"post_tag","embeddable":true,"href":"https:\/\/www.actualidadadiario.com\/index.php\/wp-json\/wp\/v2\/tags?post=115580"}],"curies":[{"name":"wp","href":"https:\/\/api.w.org\/{rel}","templated":true}]}}