{"id":115577,"date":"2024-06-04T13:03:52","date_gmt":"2024-06-04T16:03:52","guid":{"rendered":"https:\/\/www.actualidadadiario.com\/?p=115577"},"modified":"2024-06-04T13:03:52","modified_gmt":"2024-06-04T16:03:52","slug":"boletin-oficial-sale-el-ministerio-del-interior-entra-la-vicejefatura-de-gabinete-del-interior","status":"publish","type":"post","link":"https:\/\/www.actualidadadiario.com\/index.php\/2024\/06\/04\/boletin-oficial-sale-el-ministerio-del-interior-entra-la-vicejefatura-de-gabinete-del-interior\/","title":{"rendered":"Bolet\u00edn Oficial: sale el Ministerio del Interior, entra la \u201cVicejefatura de Gabinete del Interior\u201d"},"content":{"rendered":"<p style=\"text-align: center;\"><em><strong>Un decreto en el Bolet\u00edn Oficial confirm\u00f3 la reorganizaci\u00f3n de los ministerios, que ahora ser\u00e1n siete. Se elimina el Ministerio del Interior y se crea el novedoso cargo de \u201cVicejefe de Gabinete del Interior\u201d, que ocupar\u00e1 Lisandro Catal\u00e1n<\/strong><\/em><\/p>\n<p>&nbsp;<\/p>\n<p>&nbsp;<\/p>\n<p>En un mismo decreto, el gobierno nacional cre\u00f3 una jefatura de Gabinete de funcionarios para un ministerio que acaba de eliminar y, por si fuera poco ins\u00f3lito, le otorg\u00f3 a ese cargo de tercera l\u00ednea un rango similar a uno de primera, con facultades propias de la cartera que cerr\u00f3.<\/p>\n<p>El in\u00e9dito intr\u00edngulis administrativo fue publicado en el Bolet\u00edn Oficial a trav\u00e9s de un texto que modifica la Ley de Ministerios y reestructura el cuerpo de ministros a tono con la sumatoria de poderes que se le otorg\u00f3 al jefe de Gabinete, Guillermo Francos.<\/p>\n<p>El decreto 484\/2024 establece el siguiente zafarrancho: \u201cSuprimir el Ministerio del Interior\u201d y crear a la vez el cargo de \u201cVicejefe de Gabinete del Interior\u201d para asistir al Jefe de Gabinete de Ministros. Es decir que crea una cabeza de funcionarios de una cartera que no existir\u00e1.<\/p>\n<p>La persona que ocupar\u00e1 esa vicejefatura de un \u00e1rea eliminada ser\u00e1 Lisandro Catal\u00e1n, quien se desempe\u00f1aba como secretario del Interior cuando exist\u00eda el Ministerio del Interior.<\/p>\n<p>El funcionario responder\u00e1 directamente a Guillermo Francos y ser\u00e1 una de las dos manos derechas que tendr\u00e1 el jefe de ministros junto con otra \u00e1rea que se le cre\u00f3 ad hoc: la Vicejefatura de Gabinete de Ministros. Esta oficina tendr\u00e1 al frente a Jos\u00e9 Rolandi, exn\u00famero dos del despedido Nicol\u00e1s Posse y uno de los funcionarios que qued\u00f3 en el centro de un esc\u00e1ndalo por cobrar un sueldo de 70 millones de pesos como directivo de YPF.<\/p>\n<p>Seg\u00fan el decreto que los designa, los vicejefes de Gabinete y del Interior \u201ctendr\u00e1n rango y jerarqu\u00eda de ministros\u201d, y responder\u00e1n directamente a Francos, quien a su vez podr\u00e1 delegarles facultades de negociaci\u00f3n con las provincias y el Congreso de la Naci\u00f3n, algo de lo que hasta ahora se ocupaba personalmente.<\/p>\n<p>&nbsp;<\/p>\n<p><strong>Todo el poder a Francos<\/strong><\/p>\n<p>La modificaci\u00f3n de la Ley de Ministerios realizada a trav\u00e9s del decreto 484 es una suerte de cajas chinas que intenta poner en orden un organigrama que se altera cada vez que el presidente Javier Milei o su hermana Karina deciden echar a un funcionario, algo que suele ser frecuente.<\/p>\n<p>Por lo pronto, lo que hace ese decreto es dejar en manos de Francos \u201clos compromisos y obligaciones\u201d que estaban a cargo del disuelto Ministerio del Interior y tener poder de influencia y coordinaci\u00f3n en los ministerios de Relaciones Exteriores (Canciller\u00eda), de Defensa, de Econom\u00eda, de Justicia, de Seguridad, de Salud y de Capital Humano.<\/p>\n<p>A la vez, le da a Francos una sumatoria de poder detallada en 107 \u00edtems, entre los cuales est\u00e1n: \u201cAsistir al presidente de la Naci\u00f3n en la conducci\u00f3n pol\u00edtica\u201d de la administraci\u00f3n p\u00fablica, representar al Poder Ejecutivo frente a los dem\u00e1s poderes de la rep\u00fablica y organismos internacionales, y controlar a los dem\u00e1s ministros.<\/p>\n<p>El decreto deber\u00e1 ser aprobado o rechazado por el Congreso de la Naci\u00f3n en un plazo de diez d\u00edas h\u00e1biles, de acuerdo con lo establecido en la Ley 26.122 y en el art\u00edculo 82 de la Constituci\u00f3n Nacional.<\/p>\n","protected":false},"excerpt":{"rendered":"<p>Un decreto en el Bolet\u00edn Oficial confirm\u00f3 la reorganizaci\u00f3n de los ministerios, que ahora ser\u00e1n siete. Se elimina el Ministerio del Interior y se crea el novedoso cargo de \u201cVicejefe de Gabinete del Interior\u201d, que ocupar\u00e1 Lisandro Catal\u00e1n &nbsp; &nbsp; En un mismo decreto, el gobierno nacional cre\u00f3 una jefatura de Gabinete de funcionarios para un ministerio que acaba de eliminar y, por si fuera poco ins\u00f3lito, le otorg\u00f3 a ese cargo de tercera l\u00ednea un rango similar a uno de primera, con facultades propias de la cartera que cerr\u00f3&#8230;.<\/p>\n","protected":false},"author":3,"featured_media":115578,"comment_status":"closed","ping_status":"closed","sticky":false,"template":"","format":"standard","meta":[],"categories":[18],"tags":[],"_links":{"self":[{"href":"https:\/\/www.actualidadadiario.com\/index.php\/wp-json\/wp\/v2\/posts\/115577"}],"collection":[{"href":"https:\/\/www.actualidadadiario.com\/index.php\/wp-json\/wp\/v2\/posts"}],"about":[{"href":"https:\/\/www.actualidadadiario.com\/index.php\/wp-json\/wp\/v2\/types\/post"}],"author":[{"embeddable":true,"href":"https:\/\/www.actualidadadiario.com\/index.php\/wp-json\/wp\/v2\/users\/3"}],"replies":[{"embeddable":true,"href":"https:\/\/www.actualidadadiario.com\/index.php\/wp-json\/wp\/v2\/comments?post=115577"}],"version-history":[{"count":1,"href":"https:\/\/www.actualidadadiario.com\/index.php\/wp-json\/wp\/v2\/posts\/115577\/revisions"}],"predecessor-version":[{"id":115579,"href":"https:\/\/www.actualidadadiario.com\/index.php\/wp-json\/wp\/v2\/posts\/115577\/revisions\/115579"}],"wp:featuredmedia":[{"embeddable":true,"href":"https:\/\/www.actualidadadiario.com\/index.php\/wp-json\/wp\/v2\/media\/115578"}],"wp:attachment":[{"href":"https:\/\/www.actualidadadiario.com\/index.php\/wp-json\/wp\/v2\/media?parent=115577"}],"wp:term":[{"taxonomy":"category","embeddable":true,"href":"https:\/\/www.actualidadadiario.com\/index.php\/wp-json\/wp\/v2\/categories?post=115577"},{"taxonomy":"post_tag","embeddable":true,"href":"https:\/\/www.actualidadadiario.com\/index.php\/wp-json\/wp\/v2\/tags?post=115577"}],"curies":[{"name":"wp","href":"https:\/\/api.w.org\/{rel}","templated":true}]}}