{"id":115574,"date":"2024-06-04T13:02:45","date_gmt":"2024-06-04T16:02:45","guid":{"rendered":"https:\/\/www.actualidadadiario.com\/?p=115574"},"modified":"2024-06-04T13:02:45","modified_gmt":"2024-06-04T16:02:45","slug":"milei-encabezo-una-nueva-reunion-con-su-equipo-tras-la-reestructuracion-del-gabinete","status":"publish","type":"post","link":"https:\/\/www.actualidadadiario.com\/index.php\/2024\/06\/04\/milei-encabezo-una-nueva-reunion-con-su-equipo-tras-la-reestructuracion-del-gabinete\/","title":{"rendered":"Milei encabez\u00f3 una nueva reuni\u00f3n con su equipo tras la reestructuraci\u00f3n del Gabinete"},"content":{"rendered":"<p style=\"text-align: center;\"><em><strong>El Presidente retom\u00f3 la coordinaci\u00f3n de los encuentros despu\u00e9s de varios sin dar el presente. La titular de Capital Humano, Sandra Pettovello, no estuvo presente<\/strong><\/em><\/p>\n<p>&nbsp;<\/p>\n<p>&nbsp;<\/p>\n<p>El presidente Javier Milei encabez\u00f3 una nueva reuni\u00f3n con su equipo tras la reestructuraci\u00f3n del Gabinete tras la salida de Nicol\u00e1s Posse y la asunci\u00f3n de Guillermo Francos a la titularidad de ministros.<\/p>\n<p>Luego de varias citas sin dar el presente, el mandatario coordin\u00f3 el intercambio que se llev\u00f3 adelante en el Sal\u00f3n Eva Per\u00f3n de Casa Rosada y que dur\u00f3 hora y media. Su \u00faltima participaci\u00f3n data del 9 de abril, m\u00e1s de un mes sin asistir.<\/p>\n<p>Llam\u00f3 la atenci\u00f3n la significativa ausencia de la ministra de Capital Humano, Sandra Pettovello, en el ojo de la tormenta por el almacenamiento de alimentos pr\u00f3ximos a vencer. La \u00fanica del equipo que no asisti\u00f3.<\/p>\n<p>Junto al mandatario estuvieron presentes tambi\u00e9n Francos, la vicepresidenta Victoria Villarruel, y la secretaria General de la Presidencia, Karina Milei.<\/p>\n<p>Alrededor de la extensa mesa se ubicaron los ministros Patricia Bullrich (Seguridad), Luis Petri (Defensa), Luis Caputo (Econom\u00eda), Mariano C\u00faneo Libarona (Justicia), Diana Mondino (Relaciones Exteriores, Comercio Internacional y Culto) y Mario Russo (Salud)<\/p>\n<p>Completaron la delegaci\u00f3n de presentes el vocero presidencial, Manuel Adorni; el secretario de Legal y T\u00e9cnica, Javier Herrera Bravo; el vicejefe de Gabinete, Jos\u00e9 Rolandi; el asesor Santiago Caputo; y el secretario de Prensa, Eduardo Serenellini.<\/p>\n<p>Al t\u00e9rmino del intercambio, el mandatario sali\u00f3 al balc\u00f3n de Casa Rosada a saludar a los ciudadanos en compa\u00f1\u00eda de sus funcionarios. Incluso se acerc\u00f3 hasta la reja ubicada en Balcarce 50 a saludar a algunos grupos de estudiantes que se encontraban recorriendo la Plaza de Mayo.<\/p>\n","protected":false},"excerpt":{"rendered":"<p>El Presidente retom\u00f3 la coordinaci\u00f3n de los encuentros despu\u00e9s de varios sin dar el presente. La titular de Capital Humano, Sandra Pettovello, no estuvo presente &nbsp; &nbsp; El presidente Javier Milei encabez\u00f3 una nueva reuni\u00f3n con su equipo tras la reestructuraci\u00f3n del Gabinete tras la salida de Nicol\u00e1s Posse y la asunci\u00f3n de Guillermo Francos a la titularidad de ministros. Luego de varias citas sin dar el presente, el mandatario coordin\u00f3 el intercambio que se llev\u00f3 adelante en el Sal\u00f3n Eva Per\u00f3n de Casa Rosada y que dur\u00f3 hora y&#8230;<\/p>\n","protected":false},"author":3,"featured_media":115575,"comment_status":"closed","ping_status":"closed","sticky":false,"template":"","format":"standard","meta":[],"categories":[18],"tags":[],"_links":{"self":[{"href":"https:\/\/www.actualidadadiario.com\/index.php\/wp-json\/wp\/v2\/posts\/115574"}],"collection":[{"href":"https:\/\/www.actualidadadiario.com\/index.php\/wp-json\/wp\/v2\/posts"}],"about":[{"href":"https:\/\/www.actualidadadiario.com\/index.php\/wp-json\/wp\/v2\/types\/post"}],"author":[{"embeddable":true,"href":"https:\/\/www.actualidadadiario.com\/index.php\/wp-json\/wp\/v2\/users\/3"}],"replies":[{"embeddable":true,"href":"https:\/\/www.actualidadadiario.com\/index.php\/wp-json\/wp\/v2\/comments?post=115574"}],"version-history":[{"count":1,"href":"https:\/\/www.actualidadadiario.com\/index.php\/wp-json\/wp\/v2\/posts\/115574\/revisions"}],"predecessor-version":[{"id":115576,"href":"https:\/\/www.actualidadadiario.com\/index.php\/wp-json\/wp\/v2\/posts\/115574\/revisions\/115576"}],"wp:featuredmedia":[{"embeddable":true,"href":"https:\/\/www.actualidadadiario.com\/index.php\/wp-json\/wp\/v2\/media\/115575"}],"wp:attachment":[{"href":"https:\/\/www.actualidadadiario.com\/index.php\/wp-json\/wp\/v2\/media?parent=115574"}],"wp:term":[{"taxonomy":"category","embeddable":true,"href":"https:\/\/www.actualidadadiario.com\/index.php\/wp-json\/wp\/v2\/categories?post=115574"},{"taxonomy":"post_tag","embeddable":true,"href":"https:\/\/www.actualidadadiario.com\/index.php\/wp-json\/wp\/v2\/tags?post=115574"}],"curies":[{"name":"wp","href":"https:\/\/api.w.org\/{rel}","templated":true}]}}