{"id":115570,"date":"2024-06-04T13:01:30","date_gmt":"2024-06-04T16:01:30","guid":{"rendered":"https:\/\/www.actualidadadiario.com\/?p=115570"},"modified":"2024-06-04T13:01:41","modified_gmt":"2024-06-04T16:01:41","slug":"reparto-de-alimentos-los-polemicos-antecedentes-de-la-fundacion-conin-y-su-creador","status":"publish","type":"post","link":"https:\/\/www.actualidadadiario.com\/index.php\/2024\/06\/04\/reparto-de-alimentos-los-polemicos-antecedentes-de-la-fundacion-conin-y-su-creador\/","title":{"rendered":"Reparto de alimentos: los pol\u00e9micos antecedentes de la Fundaci\u00f3n CONIN y su creador"},"content":{"rendered":"<p style=\"text-align: center;\"><em><strong>La organizaci\u00f3n, fundada por Abel Albino, fue creada en Mendoza en 1933. Firm\u00f3 un convenio este lunes para asesorar en la distribuci\u00f3n que comenzar\u00e1 esta semana<\/strong><\/em><\/p>\n<p>&nbsp;<\/p>\n<p>&nbsp;<\/p>\n<p>El Gobierno, a trav\u00e9s del Ministerio de Capital Humano a cargo de Sandra Pettovello, deleg\u00f3 a la Fundaci\u00f3n CONIN el asesoramiento sobre el reparto de los alimentos y ya comenz\u00f3 el operativo de distribuci\u00f3n de las provisiones ubicadas en los dep\u00f3sitos de Villa Martelli y Taf\u00ed Viejo (Tucum\u00e1n).<\/p>\n<p>Este lunes, se firm\u00f3 un convenio con la Fundaci\u00f3n CONIN para que, por medio de sus 64 centros de distribuci\u00f3n, comedores y merenderos, facilite la provisi\u00f3n de m\u00e1s de 465.000 kilos de leche en polvo para los sectores m\u00e1s vulnerables.<\/p>\n<p>Seg\u00fan se estim\u00f3, la entrega de la mercader\u00eda se extender\u00e1 por dos semanas, &#8220;teniendo en cuenta las fechas de vencimiento de los productos&#8221;. Los camiones del Ej\u00e9rcito comenzaron a llegar esta tarde a los galpones de Villa Martelli.<\/p>\n<p>&nbsp;<\/p>\n<p><strong>Crisis alimentaria: los pol\u00e9micos antecedentes de la fundaci\u00f3n Conin<\/strong><\/p>\n<p>La instituci\u00f3n que tendr\u00e1 influencia en el reparto de alimentos fue fundada por el el pol\u00e9mico Dr. Abel Albino, quien durante el debate por la legalizaci\u00f3n del aborto en 2018 afirm\u00f3 que el &#8220;virus de VIH atraviesa la porcelana&#8221;.<\/p>\n<p>Se trata de un m\u00e9dico pediatra, miembro del Opus Dei y con pasado en el Gobierno de Cambiemos: cumpli\u00f3 funciones bajo el ala de Carolina Stanley, quien estaba a cargo del Ministerio de Desarrollo Social, Mar\u00eda Eugenia Vidal, entonces gobernadora de la provincia de Buenos Aires, y el expresidente de la Naci\u00f3n Mauricio Macri.<\/p>\n<p>Albino, adem\u00e1s, realiz\u00f3 una ins\u00f3lita comparaci\u00f3n entre el hambre y las relaciones sexuales: &#8220;La desnutrici\u00f3n infantil es una enfermedad cultural propia de sitios en los que al acto sexual se lo suele llevar a cabo compulsivamente, bajo los efectos de una vehemencia descontrolada e irracional que pretende la mera satisfacci\u00f3n de un placer instintivo por parte del var\u00f3n&#8221;.<\/p>\n<p>La Fundaci\u00f3n Cooperadora para la Nutrici\u00f3n Infantil (CONIN), fundada en Mendoza en 1933, es una organizaci\u00f3n sin fines de lucro que tiene como principal fin combatir la desnutrici\u00f3n infantil en todo el pa\u00eds.<\/p>\n","protected":false},"excerpt":{"rendered":"<p>La organizaci\u00f3n, fundada por Abel Albino, fue creada en Mendoza en 1933. Firm\u00f3 un convenio este lunes para asesorar en la distribuci\u00f3n que comenzar\u00e1 esta semana &nbsp; &nbsp; El Gobierno, a trav\u00e9s del Ministerio de Capital Humano a cargo de Sandra Pettovello, deleg\u00f3 a la Fundaci\u00f3n CONIN el asesoramiento sobre el reparto de los alimentos y ya comenz\u00f3 el operativo de distribuci\u00f3n de las provisiones ubicadas en los dep\u00f3sitos de Villa Martelli y Taf\u00ed Viejo (Tucum\u00e1n). Este lunes, se firm\u00f3 un convenio con la Fundaci\u00f3n CONIN para que, por medio&#8230;<\/p>\n","protected":false},"author":3,"featured_media":115571,"comment_status":"closed","ping_status":"closed","sticky":false,"template":"","format":"standard","meta":[],"categories":[9],"tags":[],"_links":{"self":[{"href":"https:\/\/www.actualidadadiario.com\/index.php\/wp-json\/wp\/v2\/posts\/115570"}],"collection":[{"href":"https:\/\/www.actualidadadiario.com\/index.php\/wp-json\/wp\/v2\/posts"}],"about":[{"href":"https:\/\/www.actualidadadiario.com\/index.php\/wp-json\/wp\/v2\/types\/post"}],"author":[{"embeddable":true,"href":"https:\/\/www.actualidadadiario.com\/index.php\/wp-json\/wp\/v2\/users\/3"}],"replies":[{"embeddable":true,"href":"https:\/\/www.actualidadadiario.com\/index.php\/wp-json\/wp\/v2\/comments?post=115570"}],"version-history":[{"count":2,"href":"https:\/\/www.actualidadadiario.com\/index.php\/wp-json\/wp\/v2\/posts\/115570\/revisions"}],"predecessor-version":[{"id":115573,"href":"https:\/\/www.actualidadadiario.com\/index.php\/wp-json\/wp\/v2\/posts\/115570\/revisions\/115573"}],"wp:featuredmedia":[{"embeddable":true,"href":"https:\/\/www.actualidadadiario.com\/index.php\/wp-json\/wp\/v2\/media\/115571"}],"wp:attachment":[{"href":"https:\/\/www.actualidadadiario.com\/index.php\/wp-json\/wp\/v2\/media?parent=115570"}],"wp:term":[{"taxonomy":"category","embeddable":true,"href":"https:\/\/www.actualidadadiario.com\/index.php\/wp-json\/wp\/v2\/categories?post=115570"},{"taxonomy":"post_tag","embeddable":true,"href":"https:\/\/www.actualidadadiario.com\/index.php\/wp-json\/wp\/v2\/tags?post=115570"}],"curies":[{"name":"wp","href":"https:\/\/api.w.org\/{rel}","templated":true}]}}