{"id":115560,"date":"2024-06-04T11:41:52","date_gmt":"2024-06-04T14:41:52","guid":{"rendered":"https:\/\/www.actualidadadiario.com\/?p=115560"},"modified":"2024-06-04T11:41:52","modified_gmt":"2024-06-04T14:41:52","slug":"supermercados-advierten-por-una-caida-de-las-ventas-del-10-interanual-en-mayo","status":"publish","type":"post","link":"https:\/\/www.actualidadadiario.com\/index.php\/2024\/06\/04\/supermercados-advierten-por-una-caida-de-las-ventas-del-10-interanual-en-mayo\/","title":{"rendered":"Supermercados advierten por una ca\u00edda de las ventas del 10% interanual en mayo"},"content":{"rendered":"<p style=\"text-align: center;\"><em><strong>El recorte continu\u00f3 en el quinto mes del a\u00f1o. Los alimentos de la canasta b\u00e1sica no registran una baja tan abrupta como s\u00ed las bebidas alcoh\u00f3licas, snacks o yogures. Alertan por \u201cpuestos de trabajo ociosos\u201d en el sector<\/strong><\/em><\/p>\n<p>&nbsp;<\/p>\n<p>&nbsp;<\/p>\n<p>El consumo sigue cayendo. As\u00ed lo confirman fuentes del supermercadismo: para mayo manejan un dato preliminar que registra una baja del 2,4%. En ese contexto, aunque desde el sector no se atreven a hablar de despidos, s\u00ed advierten por el aumento de lo que denominan \u201cpuestos ociosos\u201d.<\/p>\n<p>Mientras que mayo podr\u00eda arrojar un nivel de inflaci\u00f3n cercano al 5% seg\u00fan la estimaci\u00f3n de consultoras privadas, la venta de art\u00edculos de supermercados continu\u00f3 en descenso. As\u00ed lo destacan fuentes del sector, que calculan a nivel interanual un registro negativo estimado entre 10 y 11%.<\/p>\n<p>El dato se conoce en medio de la suba de alimentos registrada con mayor fuerza durante la \u00faltima semana de mayo. Seg\u00fan la consultora LCG, la variaci\u00f3n semanal de precios en alimentos fue de 1,8%, la m\u00e1s alta desde la tercera semana de abril.<\/p>\n<p>En el desagregado, las bebidas e infusiones para consumir marcaron en la \u00faltima semana una suba del 4,1%, en tanto las carnes -que representan un 30% de la canasta b\u00e1sica- avanzaron un 3,6% y los aceites 3,1%. El precio de las frutas, por su parte, baj\u00f3 un 0,9%, las verduras un 2,4%, mientras que los l\u00e1cteos y huevos un 1,9%.<\/p>\n<p>&nbsp;<\/p>\n<p><strong>Consumo en retroceso<\/strong><\/p>\n<p>El dato preliminar interanual de mayo apenas present\u00f3 una mejor\u00eda respecto del mes anterior. Seg\u00fan los datos de Scentia, las ventas cayeron en abril un 13,8% en comparaci\u00f3n al mismo mes del a\u00f1o anterior. En ese momento el dato marc\u00f3 una aceleraci\u00f3n del derrumbe que hab\u00eda sido del 3,8% en enero, del 4,1% en febrero y del 7,5% en marzo.<\/p>\n<p>Una fuente del sector relativiza la din\u00e1mica al enfatizar que \u201cse ve una desaceleraci\u00f3n de la ca\u00edda, pero partimos de una base muy baja\u201d. Seg\u00fan explica el representante del rubro, el recorte en la baja del consumo tendr\u00eda que haber sido mayor, considerando que durante mayo se realiz\u00f3 el Hot Sale, el evento e-commerce organizado por la C\u00e1mara Argentina de Comercio. Sin embargo, la falta de impulso al consumo es tan grande que se hace notoria en los n\u00fameros que ofrece el mercado.<\/p>\n<p>De todos modos, para otra fuente, la comparaci\u00f3n intermensual abril-mayo es inexacta, principalmente porque durante el cuarto mes se contempla el fin de semana largo de Semana Santa, que dur\u00f3 cinco d\u00edas, contra el feriado del 25 de mayo, que cay\u00f3 un s\u00e1bado.<\/p>\n<p>Asimismo, es inobjetable que tanto en el acumulado en el a\u00f1o como a nivel interanual, la reducci\u00f3n del consumo alerta a los supermercados. \u201cEst\u00e1n desesperados por encontrar el brote verde, pero ninguno piensa en c\u00f3mo motorizarlo\u201d, reflexiona la fuente.<\/p>\n<p>\u201cPara las cadenas del top 10 da un -2,4 al 26 de Mayo y no creemos que se haya revertido la tendencia en 5 d\u00edas, porque si bien hay cierre de tarjetas la cartera de la dama y el bolsillo del caballero fueron vaciados por la mano invisible del mercado\u201d, detallan desde el supermercadismo.<\/p>\n<p>En ese sentido, el sector no puede garantizar estar exento de la reducci\u00f3n de la n\u00f3mina de trabajadores, una preocupaci\u00f3n que va in crescendo a medida que se asientan los efectos de la recesi\u00f3n econ\u00f3mica. \u201cObviamente, al disminuir la actividad empieza a haber puestos ociosos\u201d, alertan. Sin embargo, aclaran que los supermercados todav\u00eda no recurren a los despidos, pero tampoco reemplazan a aquellos trabajadores retirados porque se jubilan, por un despido con causa, por renuncian o por otro tipo de cuestiones.<\/p>\n<p>Igualmente, concluyen con una alerta de cara al mediano plazo: \u201cDe seguir la t\u00f3nica en la que estamos, evidentemente siempre la baja de actividad tiene una consecuencia negativa en el mantenimiento del empleo, desgraciadamente\u201d.<\/p>\n","protected":false},"excerpt":{"rendered":"<p>El recorte continu\u00f3 en el quinto mes del a\u00f1o. Los alimentos de la canasta b\u00e1sica no registran una baja tan abrupta como s\u00ed las bebidas alcoh\u00f3licas, snacks o yogures. Alertan por \u201cpuestos de trabajo ociosos\u201d en el sector &nbsp; &nbsp; El consumo sigue cayendo. As\u00ed lo confirman fuentes del supermercadismo: para mayo manejan un dato preliminar que registra una baja del 2,4%. En ese contexto, aunque desde el sector no se atreven a hablar de despidos, s\u00ed advierten por el aumento de lo que denominan \u201cpuestos ociosos\u201d. Mientras que mayo&#8230;<\/p>\n","protected":false},"author":3,"featured_media":115023,"comment_status":"closed","ping_status":"closed","sticky":false,"template":"","format":"standard","meta":[],"categories":[2],"tags":[],"_links":{"self":[{"href":"https:\/\/www.actualidadadiario.com\/index.php\/wp-json\/wp\/v2\/posts\/115560"}],"collection":[{"href":"https:\/\/www.actualidadadiario.com\/index.php\/wp-json\/wp\/v2\/posts"}],"about":[{"href":"https:\/\/www.actualidadadiario.com\/index.php\/wp-json\/wp\/v2\/types\/post"}],"author":[{"embeddable":true,"href":"https:\/\/www.actualidadadiario.com\/index.php\/wp-json\/wp\/v2\/users\/3"}],"replies":[{"embeddable":true,"href":"https:\/\/www.actualidadadiario.com\/index.php\/wp-json\/wp\/v2\/comments?post=115560"}],"version-history":[{"count":1,"href":"https:\/\/www.actualidadadiario.com\/index.php\/wp-json\/wp\/v2\/posts\/115560\/revisions"}],"predecessor-version":[{"id":115561,"href":"https:\/\/www.actualidadadiario.com\/index.php\/wp-json\/wp\/v2\/posts\/115560\/revisions\/115561"}],"wp:featuredmedia":[{"embeddable":true,"href":"https:\/\/www.actualidadadiario.com\/index.php\/wp-json\/wp\/v2\/media\/115023"}],"wp:attachment":[{"href":"https:\/\/www.actualidadadiario.com\/index.php\/wp-json\/wp\/v2\/media?parent=115560"}],"wp:term":[{"taxonomy":"category","embeddable":true,"href":"https:\/\/www.actualidadadiario.com\/index.php\/wp-json\/wp\/v2\/categories?post=115560"},{"taxonomy":"post_tag","embeddable":true,"href":"https:\/\/www.actualidadadiario.com\/index.php\/wp-json\/wp\/v2\/tags?post=115560"}],"curies":[{"name":"wp","href":"https:\/\/api.w.org\/{rel}","templated":true}]}}