{"id":115558,"date":"2024-06-04T11:40:45","date_gmt":"2024-06-04T14:40:45","guid":{"rendered":"https:\/\/www.actualidadadiario.com\/?p=115558"},"modified":"2024-06-04T11:40:45","modified_gmt":"2024-06-04T14:40:45","slug":"comenzo-el-paro-de-docentes-universitarios-por-48-horas","status":"publish","type":"post","link":"https:\/\/www.actualidadadiario.com\/index.php\/2024\/06\/04\/comenzo-el-paro-de-docentes-universitarios-por-48-horas\/","title":{"rendered":"Comenz\u00f3 el paro de docentes universitarios por 48 horas"},"content":{"rendered":"<p style=\"text-align: center;\"><em><strong>Al reclamo por el aumento del presupuesto universitario, se le suma la recomposici\u00f3n salarial de docentes y no docentes en todo el pa\u00eds. Habr\u00e1 movilizaci\u00f3n<\/strong><\/em><\/p>\n<p>&nbsp;<\/p>\n<p>&nbsp;<\/p>\n<p>El Frente Sindical de Universidades Nacionales comenz\u00f3 este martes un paro de 48 horas con movilizaci\u00f3n frente al Congreso, en reclamo de un aumento salarial. El FSUN denunci\u00f3 que &#8220;m\u00e1s de la mitad de los docentes y no docentes est\u00e1n por debajo de la l\u00ednea de pobreza&#8221;, una situaci\u00f3n que &#8220;no suced\u00eda hace m\u00e1s de 20 a\u00f1os&#8221;.<\/p>\n<p>Seg\u00fan datos de la Federaci\u00f3n Nacional de Docentes Universitarios, el sector acumula una actualizaci\u00f3n salarial pendiente de 61,4%. Sin embargo, en las negociaciones tras la Marcha Federal Universitaria, el Gobierno ofreci\u00f3 un 45% de aumento. Desde diciembre, la inflaci\u00f3n acumulada supera el 100%.<\/p>\n<p>&nbsp;<\/p>\n<p><strong>Paro docente universitario 2024: el aumento presupuestario tambi\u00e9n es salarial<\/strong><\/p>\n<p>El Gobierno y los sindicatos docentes tuvieron una reuni\u00f3n a fines de mayo. Sin embargo, no hubo acuerdo, se dict\u00f3 un cuarto intermedio y el Frente Sindical anunci\u00f3 el paro para el martes 4 y el mi\u00e9rcoles 5 de junio, con movilizaci\u00f3n a partir de las 12.<\/p>\n<p>En paralelo, la UBA lanz\u00f3 una consigna en las redes sociales con la leyenda &#8220;Vamos por lo que nos falta&#8221;, que incluye el aumento salarial como primer punto, adem\u00e1s de la restituci\u00f3n del Fondo Nacional de Incentivo Docente (FONID).<\/p>\n<p>A pesar de que la UBA tiene m\u00e1s visibilidad, el conflicto presupuestario y salarial afecta a las m\u00e1s de 60 universidades nacionales que est\u00e1n distribuidas en todo el pa\u00eds.<\/p>\n<p>El presidente del Consejo Interuniversitario Nacional y rector de la Universidad Nacional de San Luis, Victor Morigi\u00f1o, asegur\u00f3 que, desde la entidad, est\u00e1n &#8220;preocupados porque el conflicto salarial sigue sin resolverse&#8221;. &#8220;Si marchamos juntos, seguimos juntos en este pedido de soluci\u00f3n&#8221;, dijo.<\/p>\n<p>La noche anterior a la masiva e hist\u00f3rica Marcha Federal Universitaria, el Ministerio de Capital Humano anunci\u00f3 el aumento del 70% de las partidas presupuestarias. La medida no fren\u00f3 la iniciativa y la movilizaci\u00f3n se desarroll\u00f3 de todas maneras.<\/p>\n<p>Despu\u00e9s de casi un mes de la movilizaci\u00f3n, el Gobierno subi\u00f3 la apuesta y gir\u00f3 un aumento de 270% para gastos de funcionamiento, sin contemplar los salarios docentes y no docentes, que forman parte del 90% del presupuesto total.<\/p>\n","protected":false},"excerpt":{"rendered":"<p>Al reclamo por el aumento del presupuesto universitario, se le suma la recomposici\u00f3n salarial de docentes y no docentes en todo el pa\u00eds. Habr\u00e1 movilizaci\u00f3n &nbsp; &nbsp; El Frente Sindical de Universidades Nacionales comenz\u00f3 este martes un paro de 48 horas con movilizaci\u00f3n frente al Congreso, en reclamo de un aumento salarial. El FSUN denunci\u00f3 que &#8220;m\u00e1s de la mitad de los docentes y no docentes est\u00e1n por debajo de la l\u00ednea de pobreza&#8221;, una situaci\u00f3n que &#8220;no suced\u00eda hace m\u00e1s de 20 a\u00f1os&#8221;. Seg\u00fan datos de la Federaci\u00f3n Nacional&#8230;<\/p>\n","protected":false},"author":3,"featured_media":114592,"comment_status":"closed","ping_status":"closed","sticky":false,"template":"","format":"standard","meta":[],"categories":[2],"tags":[],"_links":{"self":[{"href":"https:\/\/www.actualidadadiario.com\/index.php\/wp-json\/wp\/v2\/posts\/115558"}],"collection":[{"href":"https:\/\/www.actualidadadiario.com\/index.php\/wp-json\/wp\/v2\/posts"}],"about":[{"href":"https:\/\/www.actualidadadiario.com\/index.php\/wp-json\/wp\/v2\/types\/post"}],"author":[{"embeddable":true,"href":"https:\/\/www.actualidadadiario.com\/index.php\/wp-json\/wp\/v2\/users\/3"}],"replies":[{"embeddable":true,"href":"https:\/\/www.actualidadadiario.com\/index.php\/wp-json\/wp\/v2\/comments?post=115558"}],"version-history":[{"count":1,"href":"https:\/\/www.actualidadadiario.com\/index.php\/wp-json\/wp\/v2\/posts\/115558\/revisions"}],"predecessor-version":[{"id":115559,"href":"https:\/\/www.actualidadadiario.com\/index.php\/wp-json\/wp\/v2\/posts\/115558\/revisions\/115559"}],"wp:featuredmedia":[{"embeddable":true,"href":"https:\/\/www.actualidadadiario.com\/index.php\/wp-json\/wp\/v2\/media\/114592"}],"wp:attachment":[{"href":"https:\/\/www.actualidadadiario.com\/index.php\/wp-json\/wp\/v2\/media?parent=115558"}],"wp:term":[{"taxonomy":"category","embeddable":true,"href":"https:\/\/www.actualidadadiario.com\/index.php\/wp-json\/wp\/v2\/categories?post=115558"},{"taxonomy":"post_tag","embeddable":true,"href":"https:\/\/www.actualidadadiario.com\/index.php\/wp-json\/wp\/v2\/tags?post=115558"}],"curies":[{"name":"wp","href":"https:\/\/api.w.org\/{rel}","templated":true}]}}