{"id":115548,"date":"2024-06-04T10:41:59","date_gmt":"2024-06-04T13:41:59","guid":{"rendered":"https:\/\/www.actualidadadiario.com\/?p=115548"},"modified":"2024-06-04T10:41:59","modified_gmt":"2024-06-04T13:41:59","slug":"este-martes-entre-rios-presentara-su-oferta-turistica-de-invierno-en-buenos-aires","status":"publish","type":"post","link":"https:\/\/www.actualidadadiario.com\/index.php\/2024\/06\/04\/este-martes-entre-rios-presentara-su-oferta-turistica-de-invierno-en-buenos-aires\/","title":{"rendered":"Este martes Entre R\u00edos presentar\u00e1 su oferta tur\u00edstica de invierno en Buenos Aires"},"content":{"rendered":"<p style=\"text-align: center;\"><em><strong>Este martes 4 de junio se presentar\u00e1 en la Ciudad Aut\u00f3noma de Buenos Aires la temporada tur\u00edstica Entre R\u00edos Destino de Invierno. All\u00ed, se mostrar\u00e1n los principales atractivos de la provincia<\/strong><\/em><\/p>\n<p>&nbsp;<\/p>\n<p>&nbsp;<\/p>\n<p>El gobernador Rogelio Frigerio encabezar\u00e1 la jornada, donde se lanzar\u00e1 la temporada invernal, acompa\u00f1ado del jefe de Gobierno de la Ciudad Aut\u00f3noma de Buenos Aires, Jorge Macri; el secretario de Turismo, Ambiente y Deportes de la Naci\u00f3n, Daniel Scioli, y el secretario de Turismo de la provincia, Jorge Satto.<\/p>\n<p>En la jornada, que se desarrollar\u00e1 en el microcine del Centro Cultural Recoleta, de 15 a 18, se mostrar\u00e1n algunos de los ejes de la presentaci\u00f3n como hospitalidad, calidez, bienestar, naturaleza, termalismo, cultura y enoturismo, contando con la participaci\u00f3n de municipios y los prestadores privados.<\/p>\n<p>Jorge Satto explic\u00f3 que &#8220;la iniciativa impulsada por la Secretar\u00eda de Turismo de la provincia, tiene como objetivo difundir las principales propuestas tur\u00edsticas de la temporada de invierno y presentar el Proyecto de Ley de Creaci\u00f3n del Ente Mixto de Turismo de Entre R\u00edos&#8221;.<\/p>\n","protected":false},"excerpt":{"rendered":"<p>Este martes 4 de junio se presentar\u00e1 en la Ciudad Aut\u00f3noma de Buenos Aires la temporada tur\u00edstica Entre R\u00edos Destino de Invierno. All\u00ed, se mostrar\u00e1n los principales atractivos de la provincia &nbsp; &nbsp; El gobernador Rogelio Frigerio encabezar\u00e1 la jornada, donde se lanzar\u00e1 la temporada invernal, acompa\u00f1ado del jefe de Gobierno de la Ciudad Aut\u00f3noma de Buenos Aires, Jorge Macri; el secretario de Turismo, Ambiente y Deportes de la Naci\u00f3n, Daniel Scioli, y el secretario de Turismo de la provincia, Jorge Satto. En la jornada, que se desarrollar\u00e1 en el&#8230;<\/p>\n","protected":false},"author":3,"featured_media":109506,"comment_status":"closed","ping_status":"closed","sticky":false,"template":"","format":"standard","meta":[],"categories":[15],"tags":[],"_links":{"self":[{"href":"https:\/\/www.actualidadadiario.com\/index.php\/wp-json\/wp\/v2\/posts\/115548"}],"collection":[{"href":"https:\/\/www.actualidadadiario.com\/index.php\/wp-json\/wp\/v2\/posts"}],"about":[{"href":"https:\/\/www.actualidadadiario.com\/index.php\/wp-json\/wp\/v2\/types\/post"}],"author":[{"embeddable":true,"href":"https:\/\/www.actualidadadiario.com\/index.php\/wp-json\/wp\/v2\/users\/3"}],"replies":[{"embeddable":true,"href":"https:\/\/www.actualidadadiario.com\/index.php\/wp-json\/wp\/v2\/comments?post=115548"}],"version-history":[{"count":1,"href":"https:\/\/www.actualidadadiario.com\/index.php\/wp-json\/wp\/v2\/posts\/115548\/revisions"}],"predecessor-version":[{"id":115549,"href":"https:\/\/www.actualidadadiario.com\/index.php\/wp-json\/wp\/v2\/posts\/115548\/revisions\/115549"}],"wp:featuredmedia":[{"embeddable":true,"href":"https:\/\/www.actualidadadiario.com\/index.php\/wp-json\/wp\/v2\/media\/109506"}],"wp:attachment":[{"href":"https:\/\/www.actualidadadiario.com\/index.php\/wp-json\/wp\/v2\/media?parent=115548"}],"wp:term":[{"taxonomy":"category","embeddable":true,"href":"https:\/\/www.actualidadadiario.com\/index.php\/wp-json\/wp\/v2\/categories?post=115548"},{"taxonomy":"post_tag","embeddable":true,"href":"https:\/\/www.actualidadadiario.com\/index.php\/wp-json\/wp\/v2\/tags?post=115548"}],"curies":[{"name":"wp","href":"https:\/\/api.w.org\/{rel}","templated":true}]}}