{"id":115545,"date":"2024-06-04T10:40:40","date_gmt":"2024-06-04T13:40:40","guid":{"rendered":"https:\/\/www.actualidadadiario.com\/?p=115545"},"modified":"2024-06-04T10:40:57","modified_gmt":"2024-06-04T13:40:57","slug":"hoy-continua-el-cronograma-de-pagos-para-la-administracion-publica","status":"publish","type":"post","link":"https:\/\/www.actualidadadiario.com\/index.php\/2024\/06\/04\/hoy-continua-el-cronograma-de-pagos-para-la-administracion-publica\/","title":{"rendered":"Hoy contin\u00faa el cronograma de pagos para la administraci\u00f3n p\u00fablica"},"content":{"rendered":"<p style=\"text-align: center;\"><em><strong>El cronograma de pagos del personal de la administraci\u00f3n p\u00fablica provincial que inici\u00f3 este s\u00e1bado 1\u00ba de junio continuar\u00e1 el martes 4 de junio con el pago a haberes superiores a los 382 mil pesos. Finalizar\u00e1 el pr\u00f3ximo s\u00e1bado<\/strong><\/em><\/p>\n<p>&nbsp;<\/p>\n<p>&nbsp;<\/p>\n<p>Con un aumento del 9% -compuesto por un 2% de retroactivo y 7% de aumento acordado en la paritaria estatal- \u00e9ste s\u00e1bado comenz\u00f3 a abonarse los haberes del mes de mayo a activos y pasivos de la administraci\u00f3n p\u00fablica de Entre R\u00edos.<\/p>\n<p>Durante esta primera instancia se depositaron los sueldos de\u00a0 hasta 382 mil pesos, mientras que a partir del martes se abonar\u00e1n los haberes de hasta 520 mil pesos.<\/p>\n<p>&nbsp;<\/p>\n<p><strong>C\u00f3mo contin\u00faa el cronograma<\/strong><\/p>\n<ul>\n<li><strong>Martes 4 de junio:<\/strong> Haberes desde 382.001 pesos hasta 520.000 pesos.<\/li>\n<li><strong>Mi\u00e9rcoles 5 de junio:<\/strong> Haberes desde 520.001 pesos hasta 631.000 pesos.<\/li>\n<li><strong>Jueves 6 de junio:<\/strong> Haberes desde 631.001 pesos hasta 809.000 pesos.<\/li>\n<li><strong>Viernes 7 de junio:<\/strong> Haberes desde 809.001 pesos hasta 1.100.000 pesos.<\/li>\n<li><strong>S\u00e1bado 8 de junio:<\/strong> Haberes mayor a 1.100.000 pesos.<\/li>\n<\/ul>\n","protected":false},"excerpt":{"rendered":"<p>El cronograma de pagos del personal de la administraci\u00f3n p\u00fablica provincial que inici\u00f3 este s\u00e1bado 1\u00ba de junio continuar\u00e1 el martes 4 de junio con el pago a haberes superiores a los 382 mil pesos. Finalizar\u00e1 el pr\u00f3ximo s\u00e1bado &nbsp; &nbsp; Con un aumento del 9% -compuesto por un 2% de retroactivo y 7% de aumento acordado en la paritaria estatal- \u00e9ste s\u00e1bado comenz\u00f3 a abonarse los haberes del mes de mayo a activos y pasivos de la administraci\u00f3n p\u00fablica de Entre R\u00edos. Durante esta primera instancia se depositaron los&#8230;<\/p>\n","protected":false},"author":3,"featured_media":104030,"comment_status":"closed","ping_status":"closed","sticky":false,"template":"","format":"standard","meta":[],"categories":[15],"tags":[],"_links":{"self":[{"href":"https:\/\/www.actualidadadiario.com\/index.php\/wp-json\/wp\/v2\/posts\/115545"}],"collection":[{"href":"https:\/\/www.actualidadadiario.com\/index.php\/wp-json\/wp\/v2\/posts"}],"about":[{"href":"https:\/\/www.actualidadadiario.com\/index.php\/wp-json\/wp\/v2\/types\/post"}],"author":[{"embeddable":true,"href":"https:\/\/www.actualidadadiario.com\/index.php\/wp-json\/wp\/v2\/users\/3"}],"replies":[{"embeddable":true,"href":"https:\/\/www.actualidadadiario.com\/index.php\/wp-json\/wp\/v2\/comments?post=115545"}],"version-history":[{"count":2,"href":"https:\/\/www.actualidadadiario.com\/index.php\/wp-json\/wp\/v2\/posts\/115545\/revisions"}],"predecessor-version":[{"id":115547,"href":"https:\/\/www.actualidadadiario.com\/index.php\/wp-json\/wp\/v2\/posts\/115545\/revisions\/115547"}],"wp:featuredmedia":[{"embeddable":true,"href":"https:\/\/www.actualidadadiario.com\/index.php\/wp-json\/wp\/v2\/media\/104030"}],"wp:attachment":[{"href":"https:\/\/www.actualidadadiario.com\/index.php\/wp-json\/wp\/v2\/media?parent=115545"}],"wp:term":[{"taxonomy":"category","embeddable":true,"href":"https:\/\/www.actualidadadiario.com\/index.php\/wp-json\/wp\/v2\/categories?post=115545"},{"taxonomy":"post_tag","embeddable":true,"href":"https:\/\/www.actualidadadiario.com\/index.php\/wp-json\/wp\/v2\/tags?post=115545"}],"curies":[{"name":"wp","href":"https:\/\/api.w.org\/{rel}","templated":true}]}}