{"id":115540,"date":"2024-06-04T10:39:10","date_gmt":"2024-06-04T13:39:10","guid":{"rendered":"https:\/\/www.actualidadadiario.com\/?p=115540"},"modified":"2024-06-04T10:39:10","modified_gmt":"2024-06-04T13:39:10","slug":"agmer-se-declaro-en-estado-de-alerta-ante-la-reforma-previsional-que-anuncio-el-gobierno-provincial","status":"publish","type":"post","link":"https:\/\/www.actualidadadiario.com\/index.php\/2024\/06\/04\/agmer-se-declaro-en-estado-de-alerta-ante-la-reforma-previsional-que-anuncio-el-gobierno-provincial\/","title":{"rendered":"Agmer se declar\u00f3 en \u201cestado de alerta\u201d ante la reforma previsional que anunci\u00f3 el Gobierno provincial"},"content":{"rendered":"<p style=\"text-align: center;\"><em><strong>Los secretarios generales de los 17 departamentos se reunieron en Villaguay y emitieron un documento en el que cuestionaron \u201cel ajuste sobre el salario\u201d que implican los cambios en la Caja de Jubilaciones. Se declararon en \u201cestado de alerta y movilizaci\u00f3n\u201d y advirtieron: \u201cDaremos todos los pasos necesarios con la lucha en las calles, la v\u00eda judicial y la interpelaci\u00f3n a los legisladores de todas las fuerzas pol\u00edticas para impedir este atropello\u201d<\/strong><\/em><\/p>\n<p>&nbsp;<\/p>\n<p>&nbsp;<\/p>\n<p>&nbsp;<\/p>\n<p>El Plenario de Secretarios y Secretarias Generales y Comisi\u00f3n Directiva Central se reunieron en Villaguay este lunes 3 de junio\u00a0 y analizaron los anuncios que realiz\u00f3 el gobierno provincial sobre el denominado \u201csalvataje\u201d de la Caja de Jubilaciones, que implica una \u201cdecisi\u00f3n unilateral de incrementar los aportes de los\/las activos\/as y crear un nuevo aporte por parte de los jubilados y jubiladas\u201d.<\/p>\n<p>Ante esto, los secretarios generales de los 17 departamentos denunciaron \u201cque los anuncios del pasado viernes son un paso m\u00e1s en el ajuste sobre el salario de los trabajadores\u201d, en un contexto en el que \u201clas respuestas de la patronal frente a nuestras demandas salariales son insuficientes y no resuelven la necesidad de los trabajadores de conquistar un salario que nos permita ganarle a la inflaci\u00f3n, a lo que se suma el hachazo que significa la quita del Fonid y la Conectividad\u201d.<\/p>\n<p>\u201cLa decisi\u00f3n del Gobierno de la Provincia es funcional al recorte sobre el presupuesto de las provincias, llave maestra de las pol\u00edticas de desguace y destrucci\u00f3n del Estado y la producci\u00f3n nacional que impulsan Milei y Caputo; sobre esto, no s\u00f3lo que Frigerio y sus funcionarios no emiten ninguna declaraci\u00f3n de rechazo, sino que adem\u00e1s manifiestan apoyar el proyecto de Ley Bases y DNU\u201d, advirtieron.<\/p>\n<p>\u201cEn Entre R\u00edos existen sectores de la econom\u00eda y las finanzas que extraen enormes riquezas de los esfuerzos de nuestro pueblo y cuyo aporte tributario a las arcas provinciales es m\u00ednimo: son los mismos grupos concentrados que nunca dejaron de ganar\u201d, sostuvieron desde Agmer, por lo que demandan \u201cpol\u00edticas econ\u00f3micas y fiscales que exijan los mayores esfuerzos sobre esos privilegios y no sobre los trabajadores\u201d y \u201cen ese rol es fundamental la articulaci\u00f3n de las pol\u00edticas de Estado\u201d.<\/p>\n<p>En este marco y \u201cfrente a la medida anunciada, de neto car\u00e1cter regresivo, afirmamos nuestra defensa irrestricta de la Ley 8.732 y de nuestra Caja. Nos declaramos en alerta y dispuestos a articular el debate en cada lugar de trabajo junto a un programa de defensa de nuestro r\u00e9gimen jubilatorio\u201d.<\/p>\n<p>\u201cEn este camino nos encontramos unidos al conjunto de los trabajadores activos y jubilados de la provincia, al pueblo entrerriano y a nuestras comunidades. Porque somos conscientes que una jubilaci\u00f3n justa y digna no s\u00f3lo es un derecho del actual o el futuro jubilado y jubilada, sino una necesidad para nuestro pueblo y para todos los sectores de la producci\u00f3n y el mercado interno\u201d.<\/p>\n<p>\u201cDaremos todos los pasos necesarios con la lucha en las calles, la v\u00eda judicial y la interpelaci\u00f3n a los legisladores de todas las fuerzas pol\u00edticas para impedir este atropello\u201d, enfatizaron.<\/p>\n<p>\u201cAl mismo tiempo afirmamos que el paso inmediato para la defensa de nuestro r\u00e9gimen jubilatorio y los derechos garantizados por la Ley 8732 es garantizar que el pr\u00f3ximo vocal en la Caja de Jubilaciones sea una genuina representante de los trabajadores, con la historia y el compromiso de las candidatas de nuestra lista del Acuerdo Plural de Jubilados para frenar en el directorio cualquier medida que vaya en desmedro de los trabajadores activos y jubilados\u201d.<\/p>\n<p>\u201cFrente al ajuste inconsulto por parte del gobierno, el que recaer\u00e1 sobre los bolsillos de los trabajadores activos y jubilados a trav\u00e9s de un incremento sobre los aportes, sin que ning\u00fan otro sector del poder pol\u00edtico y econ\u00f3mico sea tocado en sus privilegios, nos declaramos en alerta y movilizaci\u00f3n ante los avances perge\u00f1ados contra el sistema previsional\u201d.<\/p>\n","protected":false},"excerpt":{"rendered":"<p>Los secretarios generales de los 17 departamentos se reunieron en Villaguay y emitieron un documento en el que cuestionaron \u201cel ajuste sobre el salario\u201d que implican los cambios en la Caja de Jubilaciones. Se declararon en \u201cestado de alerta y movilizaci\u00f3n\u201d y advirtieron: \u201cDaremos todos los pasos necesarios con la lucha en las calles, la v\u00eda judicial y la interpelaci\u00f3n a los legisladores de todas las fuerzas pol\u00edticas para impedir este atropello\u201d &nbsp; &nbsp; &nbsp; El Plenario de Secretarios y Secretarias Generales y Comisi\u00f3n Directiva Central se reunieron en Villaguay&#8230;<\/p>\n","protected":false},"author":3,"featured_media":115541,"comment_status":"closed","ping_status":"closed","sticky":false,"template":"","format":"standard","meta":[],"categories":[15],"tags":[],"_links":{"self":[{"href":"https:\/\/www.actualidadadiario.com\/index.php\/wp-json\/wp\/v2\/posts\/115540"}],"collection":[{"href":"https:\/\/www.actualidadadiario.com\/index.php\/wp-json\/wp\/v2\/posts"}],"about":[{"href":"https:\/\/www.actualidadadiario.com\/index.php\/wp-json\/wp\/v2\/types\/post"}],"author":[{"embeddable":true,"href":"https:\/\/www.actualidadadiario.com\/index.php\/wp-json\/wp\/v2\/users\/3"}],"replies":[{"embeddable":true,"href":"https:\/\/www.actualidadadiario.com\/index.php\/wp-json\/wp\/v2\/comments?post=115540"}],"version-history":[{"count":1,"href":"https:\/\/www.actualidadadiario.com\/index.php\/wp-json\/wp\/v2\/posts\/115540\/revisions"}],"predecessor-version":[{"id":115542,"href":"https:\/\/www.actualidadadiario.com\/index.php\/wp-json\/wp\/v2\/posts\/115540\/revisions\/115542"}],"wp:featuredmedia":[{"embeddable":true,"href":"https:\/\/www.actualidadadiario.com\/index.php\/wp-json\/wp\/v2\/media\/115541"}],"wp:attachment":[{"href":"https:\/\/www.actualidadadiario.com\/index.php\/wp-json\/wp\/v2\/media?parent=115540"}],"wp:term":[{"taxonomy":"category","embeddable":true,"href":"https:\/\/www.actualidadadiario.com\/index.php\/wp-json\/wp\/v2\/categories?post=115540"},{"taxonomy":"post_tag","embeddable":true,"href":"https:\/\/www.actualidadadiario.com\/index.php\/wp-json\/wp\/v2\/tags?post=115540"}],"curies":[{"name":"wp","href":"https:\/\/api.w.org\/{rel}","templated":true}]}}