{"id":115534,"date":"2024-06-04T10:36:44","date_gmt":"2024-06-04T13:36:44","guid":{"rendered":"https:\/\/www.actualidadadiario.com\/?p=115534"},"modified":"2024-06-04T10:36:44","modified_gmt":"2024-06-04T13:36:44","slug":"frigerio-y-francos-firmaron-un-convenio-para-reactivar-la-obra-publica-de-nacion-en-la-provincia","status":"publish","type":"post","link":"https:\/\/www.actualidadadiario.com\/index.php\/2024\/06\/04\/frigerio-y-francos-firmaron-un-convenio-para-reactivar-la-obra-publica-de-nacion-en-la-provincia\/","title":{"rendered":"Frigerio y Francos firmaron un convenio para reactivar la obra p\u00fablica de Naci\u00f3n en la provincia"},"content":{"rendered":"<p style=\"text-align: center;\"><em><strong>Las autoridades acordaron qu\u00e9 obras financiadas por Naci\u00f3n se reactivar\u00e1n y cu\u00e1les pasar\u00e1n a la \u00f3rbita del Gobierno provincial. \u201cNuestro norte es gestionar con eficiencia los recursos p\u00fablicos para cumplir con los entrerrianos\u201d, celebr\u00f3 el gobernador tras la firma del acuerdo<\/strong><\/em><\/p>\n<p>&nbsp;<\/p>\n<p>&nbsp;<\/p>\n<p>Este lunes, Frigerio se reuni\u00f3 con Francos y el secretario de Obras P\u00fablicas de la Naci\u00f3n, Luis Enrique Giovine, con quien suscribi\u00f3 el acuerdo para reordenar las obras nacionales en Entre R\u00edos que deber\u00e1n reactivarse en una primera instancia y, por otro lado, la transferencia de otras obras al gobierno provincial. &#8220;Con este acuerdo en definitiva podemos decirle a los vecinos de Entre R\u00edos qu\u00e9 obras se van a continuar y de qu\u00e9 manera&#8221;, subray\u00f3 el mandatario, al tiempo que agreg\u00f3 que la provincia tambi\u00e9n trabaja con los municipios el tema, allan\u00e1ndoles el camino a los intendentes en este ordenamiento de la obra p\u00fablica nacional.<\/p>\n<p>En la reuni\u00f3n, las autoridades coincidieron en que la aprobaci\u00f3n de Ley Bases permitir\u00e1 acelerar este proceso con la recuperaci\u00f3n los puntos de coparticipaci\u00f3n que retuvo la gesti\u00f3n nacional anterior<\/p>\n<p>El acuerdo brindar\u00e1 certidumbre a las empresas y un plan de trabajo ordenado de acuerdo a las necesidades de la comunidad. Cabe aclarar que el 20 de mayo, el mandatario entrerriano inici\u00f3 el proceso de reactivaci\u00f3n de la obra p\u00fablica provincial tras el an\u00e1lisis de la deuda heredada de la gesti\u00f3n anterior y los avances de cada una de las construcciones.<\/p>\n","protected":false},"excerpt":{"rendered":"<p>Las autoridades acordaron qu\u00e9 obras financiadas por Naci\u00f3n se reactivar\u00e1n y cu\u00e1les pasar\u00e1n a la \u00f3rbita del Gobierno provincial. \u201cNuestro norte es gestionar con eficiencia los recursos p\u00fablicos para cumplir con los entrerrianos\u201d, celebr\u00f3 el gobernador tras la firma del acuerdo &nbsp; &nbsp; Este lunes, Frigerio se reuni\u00f3 con Francos y el secretario de Obras P\u00fablicas de la Naci\u00f3n, Luis Enrique Giovine, con quien suscribi\u00f3 el acuerdo para reordenar las obras nacionales en Entre R\u00edos que deber\u00e1n reactivarse en una primera instancia y, por otro lado, la transferencia de otras&#8230;<\/p>\n","protected":false},"author":3,"featured_media":115535,"comment_status":"closed","ping_status":"closed","sticky":false,"template":"","format":"standard","meta":[],"categories":[9],"tags":[],"_links":{"self":[{"href":"https:\/\/www.actualidadadiario.com\/index.php\/wp-json\/wp\/v2\/posts\/115534"}],"collection":[{"href":"https:\/\/www.actualidadadiario.com\/index.php\/wp-json\/wp\/v2\/posts"}],"about":[{"href":"https:\/\/www.actualidadadiario.com\/index.php\/wp-json\/wp\/v2\/types\/post"}],"author":[{"embeddable":true,"href":"https:\/\/www.actualidadadiario.com\/index.php\/wp-json\/wp\/v2\/users\/3"}],"replies":[{"embeddable":true,"href":"https:\/\/www.actualidadadiario.com\/index.php\/wp-json\/wp\/v2\/comments?post=115534"}],"version-history":[{"count":1,"href":"https:\/\/www.actualidadadiario.com\/index.php\/wp-json\/wp\/v2\/posts\/115534\/revisions"}],"predecessor-version":[{"id":115536,"href":"https:\/\/www.actualidadadiario.com\/index.php\/wp-json\/wp\/v2\/posts\/115534\/revisions\/115536"}],"wp:featuredmedia":[{"embeddable":true,"href":"https:\/\/www.actualidadadiario.com\/index.php\/wp-json\/wp\/v2\/media\/115535"}],"wp:attachment":[{"href":"https:\/\/www.actualidadadiario.com\/index.php\/wp-json\/wp\/v2\/media?parent=115534"}],"wp:term":[{"taxonomy":"category","embeddable":true,"href":"https:\/\/www.actualidadadiario.com\/index.php\/wp-json\/wp\/v2\/categories?post=115534"},{"taxonomy":"post_tag","embeddable":true,"href":"https:\/\/www.actualidadadiario.com\/index.php\/wp-json\/wp\/v2\/tags?post=115534"}],"curies":[{"name":"wp","href":"https:\/\/api.w.org\/{rel}","templated":true}]}}