{"id":115531,"date":"2024-06-03T15:02:01","date_gmt":"2024-06-03T18:02:01","guid":{"rendered":"https:\/\/www.actualidadadiario.com\/?p=115531"},"modified":"2024-06-03T15:02:01","modified_gmt":"2024-06-03T18:02:01","slug":"caritas-argentina-lanza-su-tradicional-colecta-anual-en-todo-el-pais","status":"publish","type":"post","link":"https:\/\/www.actualidadadiario.com\/index.php\/2024\/06\/03\/caritas-argentina-lanza-su-tradicional-colecta-anual-en-todo-el-pais\/","title":{"rendered":"Caritas Argentina lanza su tradicional colecta anual en todo el pa\u00eds"},"content":{"rendered":"<p style=\"text-align: center;\"><em><strong>El evento se realizar\u00e1 el pr\u00f3ximo s\u00e1bado y domingo. El total del dinero recaudado buscar\u00e1 aliviar las graves situaciones de pobreza e indigencia que viven miles de personas en nuestro pa\u00eds<\/strong><\/em><\/p>\n<p>&nbsp;<\/p>\n<p>&nbsp;<\/p>\n<p>Como todos los a\u00f1os, C\u00e1ritas Argentina realizar\u00e1 su colecta anual con el objetivo de poder solventar sus numerosos programas sociales que se ofrecen en m\u00e1s de 3.500 comunidades en las 67 di\u00f3cesis del pa\u00eds. La acci\u00f3n solidaria que este a\u00f1o se llamar\u00e1 &#8220;Tu solidaridad es esperanza&#8221; tendr\u00e1 lugar el pr\u00f3ximo s\u00e1bado 8 y domingo 9 de junio a partir de las 14:30.<\/p>\n<p>Quienes quieran colaborar podr\u00e1n hacerlo a trav\u00e9s de los canales habituales de colaboraci\u00f3n en parroquias y las alcanc\u00edas en sitios p\u00fablicos, Adem\u00e1s, C\u00e1ritas ya habilit\u00f3 sus redes sociales y plataformas digitales para quienes prefieran realizar donaciones a trav\u00e9s de medios electr\u00f3nicos.<\/p>\n<p>&nbsp;<\/p>\n<p><strong>Colecta Caritas: c\u00f3mo y cu\u00e1ndo donar en la edici\u00f3n del 2024<\/strong><\/p>\n<p>La colecta se realizar\u00e1 el pr\u00f3ximo fin de semana &#8211; s\u00e1bado 8 y domingo 9 de junio &#8211; desde las 14:30 en las parroquias, capillas y comunidades de todo el pa\u00eds. Seg\u00fan la organizaci\u00f3n, el dinero recaudado &#8220;ayudar\u00e1 a sostener, durante todo el a\u00f1o, numerosos programas de respuesta alimentaria, educaci\u00f3n, primera infancia, econom\u00eda social y solidaria, adicciones, autoconstrucci\u00f3n de viviendas, integraci\u00f3n de barrios populares y, tambi\u00e9n, de ayuda inmediata ante emergencias clim\u00e1ticas o situaciones urgentes, que se implementan a trav\u00e9s de m\u00e1s de 3.500 comunidades de C\u00e1ritas en las 67 di\u00f3cesis del pa\u00eds&#8221;.<\/p>\n<p>Con esta colecta, C\u00e1ritas invita a la sociedad a hacer un aporte econ\u00f3mico concreto, que ser\u00e1 destinado a mejorar las condiciones de vida de familias y personas vulnerables de las comunidades m\u00e1s postergadas del pa\u00eds. La acci\u00f3n puede ser llevada a cabo gracias al trabajo de m\u00e1s de 40.000 voluntarios que organizan actividades de animaci\u00f3n.<\/p>\n<p>Las personas interesadas podr\u00e1n acercarse a donar a los canales habituales de colaboraci\u00f3n en parroquias y las alcanc\u00edas en sitios p\u00fablicos relacionadas con C\u00e1ritas. Adem\u00e1s, la organizaci\u00f3n ya habilit\u00f3 plataformas digitales para colaborar a trav\u00e9s de medios electr\u00f3nicos.<\/p>\n<p>&nbsp;<\/p>\n<p><strong>La colecta 2024<\/strong><\/p>\n<p>El lema de este a\u00f1o es &#8220;Tu solidaridad es esperanza&#8221;. Cada a\u00f1o, la campa\u00f1a se anima con un lema que invita a la reflexi\u00f3n solidaria y presenta historias de trabajo comunitario que muestran, a modo de ejemplo, el trabajo de la organizaci\u00f3n en todo el pa\u00eds.<\/p>\n<p>El Monse\u00f1or Carlos Tissera, obispo de Quilmes y presidente de C\u00e1ritas Argentina, explic\u00f3 que la solidaridad y el compromiso \u201cson gestos que nacen desde el comienzo de la Iglesia&#8221;. Adem\u00e1s, asegur\u00f3 que &#8220;todos ten\u00edan todo en com\u00fan&#8221; -citando el texto de los Hechos de los Ap\u00f3stoles- y concluy\u00f3: &#8220;Nosotros, como creyentes, seguiremos afirmando que el camino es la solidaridad, es la fraternidad, es la comunidad\u201d.<\/p>\n<p>Tissera expres\u00f3 que \u201cla verdadera alegr\u00eda tiene que ver con el sentido de la vida, con la experiencia de tener un horizonte, y esto es lo que nosotros queremos manifestar con el gesto de la mano tendida, con esta invitaci\u00f3n a colaborar que hacemos en la Colecta\u201d.<\/p>\n<p>La recaudaci\u00f3n de la Colecta Anual de C\u00e1ritas en 2023 super\u00f3 los $600 millones. Este a\u00f1o, distintas autoridades de la fundaci\u00f3n esperan poder duplicar la colecta en medio de un contexto social y econ\u00f3mico que encuentra, seg\u00fan las \u00faltimas proyecciones difundidas por la UCA en febrero, al 57,4% (27 millones de personas) por debajo de la l\u00ednea de la pobreza.<\/p>\n<p>&nbsp;<\/p>\n<p><strong>\u00bfQu\u00e9 es C\u00e1ritas?<\/strong><\/p>\n<p>La labor de C\u00e1ritas comenz\u00f3 a mediados de la d\u00e9cada del 50&#8242;. Los estatutos redactados en ese momento establecieron que el objetivo de la fundaci\u00f3n es \u201canimar y coordinar la obra social y caritativa de la Iglesia, insertada en la pastoral org\u00e1nica a trav\u00e9s de formas adaptadas al tiempo y las circunstancias, para lograr el desarrollo integral de todo el hombre y de todos los hombres, con especial preferencia por las personas y comunidades m\u00e1s marginadas\u201d.<\/p>\n<p>Tras a\u00f1os de crecimiento y desarrollo, en 1969 se llev\u00f3 a cabo el Primer Encuentro Nacional de C\u00e1ritas, en Villa Carlos Paz (C\u00f3rdoba). El principal objetivo del mismo fue responder \u201cQu\u00e9 es C\u00e1ritas en la Argentina, Qu\u00e9 debe ser C\u00e1ritas en la Argentina y C\u00f3mo hacerlo\u201d.<\/p>\n<p>Como brazo organizativo de la acci\u00f3n solidaria de la Iglesia, C\u00e1ritas busca brindar distintos espacios de: educaci\u00f3n; respuesta alimentaria; primera infancia; econom\u00eda social y solidaria; tratamiento de adicciones; autoconstrucci\u00f3n de viviendas; integraci\u00f3n de barrios populares y, tambi\u00e9n, de ayuda inmediata ante emergencias clim\u00e1ticas o situaciones urgentes a aquellas comunidades que lo precisen.<\/p>\n<p>En la actualidad, C\u00e1ritas Argentina se encuentra trabajando activamente en las 67 Di\u00f3cesis de la Iglesia Argentina y canaliza su acci\u00f3n a trav\u00e9s de m\u00e1s de 3.500 parroquias, capillas y centros misionales. Adem\u00e1s, la organizaci\u00f3n cuenta con el compromiso de m\u00e1s de 32.000 voluntarios a lo largo y ancho de todo el pa\u00eds.<\/p>\n","protected":false},"excerpt":{"rendered":"<p>El evento se realizar\u00e1 el pr\u00f3ximo s\u00e1bado y domingo. El total del dinero recaudado buscar\u00e1 aliviar las graves situaciones de pobreza e indigencia que viven miles de personas en nuestro pa\u00eds &nbsp; &nbsp; Como todos los a\u00f1os, C\u00e1ritas Argentina realizar\u00e1 su colecta anual con el objetivo de poder solventar sus numerosos programas sociales que se ofrecen en m\u00e1s de 3.500 comunidades en las 67 di\u00f3cesis del pa\u00eds. La acci\u00f3n solidaria que este a\u00f1o se llamar\u00e1 &#8220;Tu solidaridad es esperanza&#8221; tendr\u00e1 lugar el pr\u00f3ximo s\u00e1bado 8 y domingo 9 de junio&#8230;<\/p>\n","protected":false},"author":3,"featured_media":115532,"comment_status":"closed","ping_status":"closed","sticky":false,"template":"","format":"standard","meta":[],"categories":[4],"tags":[],"_links":{"self":[{"href":"https:\/\/www.actualidadadiario.com\/index.php\/wp-json\/wp\/v2\/posts\/115531"}],"collection":[{"href":"https:\/\/www.actualidadadiario.com\/index.php\/wp-json\/wp\/v2\/posts"}],"about":[{"href":"https:\/\/www.actualidadadiario.com\/index.php\/wp-json\/wp\/v2\/types\/post"}],"author":[{"embeddable":true,"href":"https:\/\/www.actualidadadiario.com\/index.php\/wp-json\/wp\/v2\/users\/3"}],"replies":[{"embeddable":true,"href":"https:\/\/www.actualidadadiario.com\/index.php\/wp-json\/wp\/v2\/comments?post=115531"}],"version-history":[{"count":1,"href":"https:\/\/www.actualidadadiario.com\/index.php\/wp-json\/wp\/v2\/posts\/115531\/revisions"}],"predecessor-version":[{"id":115533,"href":"https:\/\/www.actualidadadiario.com\/index.php\/wp-json\/wp\/v2\/posts\/115531\/revisions\/115533"}],"wp:featuredmedia":[{"embeddable":true,"href":"https:\/\/www.actualidadadiario.com\/index.php\/wp-json\/wp\/v2\/media\/115532"}],"wp:attachment":[{"href":"https:\/\/www.actualidadadiario.com\/index.php\/wp-json\/wp\/v2\/media?parent=115531"}],"wp:term":[{"taxonomy":"category","embeddable":true,"href":"https:\/\/www.actualidadadiario.com\/index.php\/wp-json\/wp\/v2\/categories?post=115531"},{"taxonomy":"post_tag","embeddable":true,"href":"https:\/\/www.actualidadadiario.com\/index.php\/wp-json\/wp\/v2\/tags?post=115531"}],"curies":[{"name":"wp","href":"https:\/\/api.w.org\/{rel}","templated":true}]}}