{"id":115529,"date":"2024-06-03T15:00:48","date_gmt":"2024-06-03T18:00:48","guid":{"rendered":"https:\/\/www.actualidadadiario.com\/?p=115529"},"modified":"2024-06-03T15:00:48","modified_gmt":"2024-06-03T18:00:48","slug":"netanyahu-dice-que-el-alto-al-fuego-en-gaza-seria-temporal","status":"publish","type":"post","link":"https:\/\/www.actualidadadiario.com\/index.php\/2024\/06\/03\/netanyahu-dice-que-el-alto-al-fuego-en-gaza-seria-temporal\/","title":{"rendered":"Netanyahu dice que el alto al fuego en Gaza ser\u00eda temporal"},"content":{"rendered":"<p style=\"text-align: center;\"><em><strong>El presidente de Estados Unidos, Joe Biden, hab\u00eda revelado el viernes una hoja de ruta que present\u00f3 como un plan israel\u00ed de tres fases para poner fin al conflicto en la Franja de Gaza<\/strong><\/em><\/p>\n<p>&nbsp;<\/p>\n<p>&nbsp;<\/p>\n<p>El primer ministro israel\u00ed, Benjam\u00edn Netanyahu, dijo este lunes \u00a0que existen &#8220;lagunas&#8221; entre la propuesta israel\u00ed y la versi\u00f3n anunciada por el presidente estadounidense, Joe Biden, el viernes, y reiter\u00f3 que la tregua ser\u00eda temporal pero no supondr\u00eda el fin de la guerra.<\/p>\n<p>&#8220;La propuesta que present\u00f3 Biden est\u00e1 incompleta\u201d, afirm\u00f3 hoy Netanyahu, seg\u00fan informaron medios locales, ante el Comit\u00e9 de Defensa y Asuntos Exteriores de la Kn\u00e9set (Parlamento israel\u00ed).<\/p>\n<p>&#8220;La guerra se detendr\u00e1 para recuperar a los rehenes y despu\u00e9s mantendremos conversaciones. Hay detalles que el presidente estadounidense no present\u00f3 al p\u00fablico\u201d, indic\u00f3 Netanyahu.<\/p>\n<p>Sus palabras contradicen el anuncio de Biden, en el que tras una primera fase de seis semanas -durante las que las tropas israel\u00edes abandonar\u00edan las \u00e1reas pobladas de la Franja y ser\u00edan liberados mujeres, ancianos y heridos entre los rehenes- comenzar\u00eda una segunda fase que incluir\u00eda &#8220;el final permanente de las hostilidades&#8221; y la liberaci\u00f3n del resto de rehenes, incluidos soldados.<\/p>\n<p>Pero seg\u00fan Biden, esta segunda fase requerir\u00e1 de un di\u00e1logo intenso ya que todav\u00eda se desconocen los detalles, algo que ha sido tambi\u00e9n criticado por los l\u00edderes de Ham\u00e1s, que consideran la propuesta ambigua y sin un s\u00f3lido compromiso de EE.UU. de que efectivamente la guerra no ser\u00e1 reiniciada.<\/p>\n<p>Mientras contin\u00faan las negociaciones, al menos 40 palestinos murieron en la Franja en las \u00faltimas 24 horas, lo que ya ronda la cifra total de los 36.480 -la mayor\u00eda de ellos mujeres y ni\u00f1os-, tras otra noche de fuertes bombardeos y ataques de artiller\u00eda israel\u00edes en casi 8 meses de conflicto.<\/p>\n","protected":false},"excerpt":{"rendered":"<p>El presidente de Estados Unidos, Joe Biden, hab\u00eda revelado el viernes una hoja de ruta que present\u00f3 como un plan israel\u00ed de tres fases para poner fin al conflicto en la Franja de Gaza &nbsp; &nbsp; El primer ministro israel\u00ed, Benjam\u00edn Netanyahu, dijo este lunes \u00a0que existen &#8220;lagunas&#8221; entre la propuesta israel\u00ed y la versi\u00f3n anunciada por el presidente estadounidense, Joe Biden, el viernes, y reiter\u00f3 que la tregua ser\u00eda temporal pero no supondr\u00eda el fin de la guerra. &#8220;La propuesta que present\u00f3 Biden est\u00e1 incompleta\u201d, afirm\u00f3 hoy Netanyahu, seg\u00fan&#8230;<\/p>\n","protected":false},"author":3,"featured_media":115209,"comment_status":"closed","ping_status":"closed","sticky":false,"template":"","format":"standard","meta":[],"categories":[4],"tags":[],"_links":{"self":[{"href":"https:\/\/www.actualidadadiario.com\/index.php\/wp-json\/wp\/v2\/posts\/115529"}],"collection":[{"href":"https:\/\/www.actualidadadiario.com\/index.php\/wp-json\/wp\/v2\/posts"}],"about":[{"href":"https:\/\/www.actualidadadiario.com\/index.php\/wp-json\/wp\/v2\/types\/post"}],"author":[{"embeddable":true,"href":"https:\/\/www.actualidadadiario.com\/index.php\/wp-json\/wp\/v2\/users\/3"}],"replies":[{"embeddable":true,"href":"https:\/\/www.actualidadadiario.com\/index.php\/wp-json\/wp\/v2\/comments?post=115529"}],"version-history":[{"count":1,"href":"https:\/\/www.actualidadadiario.com\/index.php\/wp-json\/wp\/v2\/posts\/115529\/revisions"}],"predecessor-version":[{"id":115530,"href":"https:\/\/www.actualidadadiario.com\/index.php\/wp-json\/wp\/v2\/posts\/115529\/revisions\/115530"}],"wp:featuredmedia":[{"embeddable":true,"href":"https:\/\/www.actualidadadiario.com\/index.php\/wp-json\/wp\/v2\/media\/115209"}],"wp:attachment":[{"href":"https:\/\/www.actualidadadiario.com\/index.php\/wp-json\/wp\/v2\/media?parent=115529"}],"wp:term":[{"taxonomy":"category","embeddable":true,"href":"https:\/\/www.actualidadadiario.com\/index.php\/wp-json\/wp\/v2\/categories?post=115529"},{"taxonomy":"post_tag","embeddable":true,"href":"https:\/\/www.actualidadadiario.com\/index.php\/wp-json\/wp\/v2\/tags?post=115529"}],"curies":[{"name":"wp","href":"https:\/\/api.w.org\/{rel}","templated":true}]}}