{"id":115522,"date":"2024-06-03T14:57:50","date_gmt":"2024-06-03T17:57:50","guid":{"rendered":"https:\/\/www.actualidadadiario.com\/?p=115522"},"modified":"2024-06-03T14:57:50","modified_gmt":"2024-06-03T17:57:50","slug":"clima-es-probable-que-el-nino-de-paso-a-la-nina-este-ano","status":"publish","type":"post","link":"https:\/\/www.actualidadadiario.com\/index.php\/2024\/06\/03\/clima-es-probable-que-el-nino-de-paso-a-la-nina-este-ano\/","title":{"rendered":"Clima: es probable que El Ni\u00f1o d\u00e9 paso a La Ni\u00f1a este a\u00f1o"},"content":{"rendered":"<p style=\"text-align: center;\"><em><strong>As\u00ed lo indic\u00f3 la Agencia meteorol\u00f3gica de la ONU y advirti\u00f3 que puede provocar fen\u00f3menos extremos como incendios forestales y ciclones tropicales<\/strong><\/em><\/p>\n<p>&nbsp;<\/p>\n<p>&nbsp;<\/p>\n<p>La Organizaci\u00f3n Meteorol\u00f3gica Mundial (OMM) pronostic\u00f3 el lunes que el fen\u00f3meno de El Ni\u00f1o, que puede provocar fen\u00f3menos extremos como incendios forestales y ciclones tropicales, volver\u00e1 este a\u00f1o a las condiciones m\u00e1s fr\u00edas de La Ni\u00f1a.<\/p>\n<p>El Ni\u00f1o es un calentamiento natural de las temperaturas de la superficie oce\u00e1nica en el Pac\u00edfico oriental y central, mientras que La Ni\u00f1a se caracteriza por temperaturas oce\u00e1nicas fr\u00edas en la regi\u00f3n del Pac\u00edfico ecuatorial y est\u00e1 relacionada con inundaciones y sequ\u00edas.<\/p>\n<p>Seg\u00fan la OMM, hay un 60% de probabilidades de que se den las condiciones de La Ni\u00f1a entre julio y septiembre y un 70% de que se produzcan entre agosto y noviembre.<\/p>\n<p>&#8220;El final de El Ni\u00f1o no significa una pausa en el cambio clim\u00e1tico a largo plazo, ya que nuestro planeta seguir\u00e1 calent\u00e1ndose debido a los gases de efecto invernadero que atrapan el calor&#8221;, dijo el secretario general Adjunto de la OMM, Ko Barrett.<\/p>\n<p>&#8220;Las temperaturas excepcionalmente altas de la superficie del mar seguir\u00e1n desempe\u00f1ando un papel importante durante los pr\u00f3ximos meses&#8221;, a\u00f1adi\u00f3<\/p>\n<p>Los \u00faltimos nueve a\u00f1os fueron los m\u00e1s c\u00e1lidos de los que se tiene constancia a pesar del efecto de enfriamiento de La Ni\u00f1a que se extendi\u00f3 desde 2020 hasta principios de 2023, seg\u00fan la OMM.<\/p>\n","protected":false},"excerpt":{"rendered":"<p>As\u00ed lo indic\u00f3 la Agencia meteorol\u00f3gica de la ONU y advirti\u00f3 que puede provocar fen\u00f3menos extremos como incendios forestales y ciclones tropicales &nbsp; &nbsp; La Organizaci\u00f3n Meteorol\u00f3gica Mundial (OMM) pronostic\u00f3 el lunes que el fen\u00f3meno de El Ni\u00f1o, que puede provocar fen\u00f3menos extremos como incendios forestales y ciclones tropicales, volver\u00e1 este a\u00f1o a las condiciones m\u00e1s fr\u00edas de La Ni\u00f1a. El Ni\u00f1o es un calentamiento natural de las temperaturas de la superficie oce\u00e1nica en el Pac\u00edfico oriental y central, mientras que La Ni\u00f1a se caracteriza por temperaturas oce\u00e1nicas fr\u00edas en&#8230;<\/p>\n","protected":false},"author":3,"featured_media":55016,"comment_status":"closed","ping_status":"closed","sticky":false,"template":"","format":"standard","meta":[],"categories":[4],"tags":[],"_links":{"self":[{"href":"https:\/\/www.actualidadadiario.com\/index.php\/wp-json\/wp\/v2\/posts\/115522"}],"collection":[{"href":"https:\/\/www.actualidadadiario.com\/index.php\/wp-json\/wp\/v2\/posts"}],"about":[{"href":"https:\/\/www.actualidadadiario.com\/index.php\/wp-json\/wp\/v2\/types\/post"}],"author":[{"embeddable":true,"href":"https:\/\/www.actualidadadiario.com\/index.php\/wp-json\/wp\/v2\/users\/3"}],"replies":[{"embeddable":true,"href":"https:\/\/www.actualidadadiario.com\/index.php\/wp-json\/wp\/v2\/comments?post=115522"}],"version-history":[{"count":1,"href":"https:\/\/www.actualidadadiario.com\/index.php\/wp-json\/wp\/v2\/posts\/115522\/revisions"}],"predecessor-version":[{"id":115523,"href":"https:\/\/www.actualidadadiario.com\/index.php\/wp-json\/wp\/v2\/posts\/115522\/revisions\/115523"}],"wp:featuredmedia":[{"embeddable":true,"href":"https:\/\/www.actualidadadiario.com\/index.php\/wp-json\/wp\/v2\/media\/55016"}],"wp:attachment":[{"href":"https:\/\/www.actualidadadiario.com\/index.php\/wp-json\/wp\/v2\/media?parent=115522"}],"wp:term":[{"taxonomy":"category","embeddable":true,"href":"https:\/\/www.actualidadadiario.com\/index.php\/wp-json\/wp\/v2\/categories?post=115522"},{"taxonomy":"post_tag","embeddable":true,"href":"https:\/\/www.actualidadadiario.com\/index.php\/wp-json\/wp\/v2\/tags?post=115522"}],"curies":[{"name":"wp","href":"https:\/\/api.w.org\/{rel}","templated":true}]}}