{"id":115509,"date":"2024-06-03T14:33:19","date_gmt":"2024-06-03T17:33:19","guid":{"rendered":"https:\/\/www.actualidadadiario.com\/?p=115509"},"modified":"2024-06-03T14:33:19","modified_gmt":"2024-06-03T17:33:19","slug":"la-autodenuncia-de-pettovello-por-corrupcion-en-su-ministerio-le-cayo-a-lijo-candidato-de-milei-a-la-corte","status":"publish","type":"post","link":"https:\/\/www.actualidadadiario.com\/index.php\/2024\/06\/03\/la-autodenuncia-de-pettovello-por-corrupcion-en-su-ministerio-le-cayo-a-lijo-candidato-de-milei-a-la-corte\/","title":{"rendered":"La autodenuncia de Pettovello por corrupci\u00f3n en su Ministerio le cay\u00f3 a Lijo, candidato de Milei a la Corte"},"content":{"rendered":"<p style=\"text-align: center;\"><em><strong>La denuncia del Gobierno contra su ex funcionario Pablo de la Torre por la contrataci\u00f3n de los &#8220;rugbiers \u00f1oquis&#8221; para Capital Humano a trav\u00e9s de la OEI fue &#8220;sorteada&#8221; y le toc\u00f3 al juez Ariel Lijo, candidato de Milei para la Corte Suprema. Los detalles<\/strong><\/em><\/p>\n<p>&nbsp;<\/p>\n<p>&nbsp;<\/p>\n<p>La denuncia presentada por la n\u00famero dos de la ministra de Capital Humano, Sandra Pettovello, contra el ex secretario de Ni\u00f1ez y Familia, Pablo de la Torre &#8211; el mismo ex funcionario al que acusan por la retenci\u00f3n de alimentos &#8211; por haber contratado de manera irregular a los &#8220;rugbiers \u00f1oquis&#8221; a trav\u00e9s de un convenio con un organismo internacional cay\u00f3 por &#8220;sorteo&#8221; en el juzgado de Ariel Lijo, el juez postulado por el presidente Javier Milei para integrar la Corte Suprema.<\/p>\n<p>La presentaci\u00f3n concreta fue formulada por la subsecretaria de Legales de Capital Humano y n\u00famero dos de Pettovello, Leila Gianni, fue &#8220;sorteada&#8221; esta ma\u00f1ana por Comodoro Py y qued\u00f3 registrada con el n\u00famero 2098\/2024, ahora en manos de Lijo.<\/p>\n<p>La car\u00e1tula de la causa es, por ahora, \u201caveriguaci\u00f3n de delito\u201d, mientras que la fiscal\u00eda que est\u00e1 trabajando con el juzgado de Lijo durante 2024 es la de Ramiro Gonz\u00e1lez.<\/p>\n<p>As\u00ed las cosas, lo que resulta en una autodenuncia del Gobierno por presuntas irregularidades en la contrataci\u00f3n de funcionarios para el Ministerio de Capital Humano a trav\u00e9s de la Organizaci\u00f3n de Estados Iberoamericanos (OEI) &#8211; que seg\u00fan documentos filtrados habr\u00eda derivado en la contrataci\u00f3n de &#8220;rugbiers \u00f1oquis&#8221; &#8211; ser\u00e1 investigado por el juez que Milei propuso para la Corte Suprema e intervendr\u00e1 el fiscal Gonz\u00e1lez.<\/p>\n<p>La semana pasada la ministra Pettovello hab\u00eda echado al secretario de Ni\u00f1ez y Familia, Pablo de la Torre, en medio del esc\u00e1ndalo por los 5 millones de kilos de alimentos retenidos, pero en simult\u00e1neo hab\u00eda advertido que &#8220;limitaba las competencias de los funcionarios y empleados responsables que, por mal desempe\u00f1o de sus tareas, no han realizado un control permanente de stock y de vencimiento de mercader\u00eda&#8221;.<\/p>\n<p>Poco despu\u00e9s se conoci\u00f3 la filtraci\u00f3n de un documento que exhib\u00eda la contrataci\u00f3n de un listado de personas &#8211; que luego se conoci\u00f3 que son rugbiers &#8220;\u00f1oquis&#8221; &#8211; para Capital Humano por un convenio con la OEI, que luego se despeg\u00f3 y atribuy\u00f3 las responsabilidades al Gobierno, que hab\u00eda firmado la propia Pettovello. Tambi\u00e9n por esta cuesti\u00f3n la ministra culp\u00f3 al funcionario echado.<\/p>\n","protected":false},"excerpt":{"rendered":"<p>La denuncia del Gobierno contra su ex funcionario Pablo de la Torre por la contrataci\u00f3n de los &#8220;rugbiers \u00f1oquis&#8221; para Capital Humano a trav\u00e9s de la OEI fue &#8220;sorteada&#8221; y le toc\u00f3 al juez Ariel Lijo, candidato de Milei para la Corte Suprema. Los detalles &nbsp; &nbsp; La denuncia presentada por la n\u00famero dos de la ministra de Capital Humano, Sandra Pettovello, contra el ex secretario de Ni\u00f1ez y Familia, Pablo de la Torre &#8211; el mismo ex funcionario al que acusan por la retenci\u00f3n de alimentos &#8211; por haber&#8230;<\/p>\n","protected":false},"author":3,"featured_media":114118,"comment_status":"closed","ping_status":"closed","sticky":false,"template":"","format":"standard","meta":[],"categories":[18],"tags":[],"_links":{"self":[{"href":"https:\/\/www.actualidadadiario.com\/index.php\/wp-json\/wp\/v2\/posts\/115509"}],"collection":[{"href":"https:\/\/www.actualidadadiario.com\/index.php\/wp-json\/wp\/v2\/posts"}],"about":[{"href":"https:\/\/www.actualidadadiario.com\/index.php\/wp-json\/wp\/v2\/types\/post"}],"author":[{"embeddable":true,"href":"https:\/\/www.actualidadadiario.com\/index.php\/wp-json\/wp\/v2\/users\/3"}],"replies":[{"embeddable":true,"href":"https:\/\/www.actualidadadiario.com\/index.php\/wp-json\/wp\/v2\/comments?post=115509"}],"version-history":[{"count":1,"href":"https:\/\/www.actualidadadiario.com\/index.php\/wp-json\/wp\/v2\/posts\/115509\/revisions"}],"predecessor-version":[{"id":115510,"href":"https:\/\/www.actualidadadiario.com\/index.php\/wp-json\/wp\/v2\/posts\/115509\/revisions\/115510"}],"wp:featuredmedia":[{"embeddable":true,"href":"https:\/\/www.actualidadadiario.com\/index.php\/wp-json\/wp\/v2\/media\/114118"}],"wp:attachment":[{"href":"https:\/\/www.actualidadadiario.com\/index.php\/wp-json\/wp\/v2\/media?parent=115509"}],"wp:term":[{"taxonomy":"category","embeddable":true,"href":"https:\/\/www.actualidadadiario.com\/index.php\/wp-json\/wp\/v2\/categories?post=115509"},{"taxonomy":"post_tag","embeddable":true,"href":"https:\/\/www.actualidadadiario.com\/index.php\/wp-json\/wp\/v2\/tags?post=115509"}],"curies":[{"name":"wp","href":"https:\/\/api.w.org\/{rel}","templated":true}]}}