{"id":115503,"date":"2024-06-03T14:30:55","date_gmt":"2024-06-03T17:30:55","guid":{"rendered":"https:\/\/www.actualidadadiario.com\/?p=115503"},"modified":"2024-06-03T14:31:05","modified_gmt":"2024-06-03T17:31:05","slug":"milei-no-saludo-a-la-nueva-presidenta-de-mexico-claudia-sheinbaum","status":"publish","type":"post","link":"https:\/\/www.actualidadadiario.com\/index.php\/2024\/06\/03\/milei-no-saludo-a-la-nueva-presidenta-de-mexico-claudia-sheinbaum\/","title":{"rendered":"Milei no salud\u00f3 a la nueva presidenta de M\u00e9xico Claudia Sheinbaum"},"content":{"rendered":"<p style=\"text-align: center;\"><em><strong>Canciller\u00eda emitir\u00e1 durante la jornada un comunicado protocolar, pero no est\u00e1 previsto que el Presidente la salude<\/strong><\/em><\/p>\n<p>&nbsp;<\/p>\n<p>&nbsp;<\/p>\n<p>Reci\u00e9n llegado de una gira que incluy\u00f3 Estados Unidos y El Salvador, el presidente Javier Milei arrib\u00f3 a Argentina en momentos en que Claudia Sheinbaum se convert\u00eda en la primera presidenta mujer de M\u00e9xico. Pese al hist\u00f3rico acontecimiento, el mandatario todav\u00eda no salud\u00f3 a su par.<\/p>\n<p>Canciller\u00eda emitir\u00e1 durante la jornada un comunicado protocolar, pero no est\u00e1 previsto que el Presidente la salude.<\/p>\n<p>Quien s\u00ed viaj\u00f3 personalmente a M\u00e9xico para participar de la jornada electoral fue el exmandatario, Alberto Fern\u00e1ndez. El extitular del PJ estuvo en el b\u00fanker de la mexicana e incluso se fundi\u00f3 con Sheinbaum en un abrazo luego de que \u00e9sta se consagrara electa.<\/p>\n<p>Por su parte, la expresidenta Cristina Kirchner destac\u00f3 que Sheinbaum ser\u00e1 la primera presidenta mexicana y le extendi\u00f3 sus felicitaciones: \u201cSaludamos desde Argentina, nuestro pa\u00eds, al pueblo mexicano por la hist\u00f3rica jornada democr\u00e1tica que protagoniz\u00f3. Y felicitamos al Movimiento de Regeneraci\u00f3n Nacional (MORENA) por el triunfo obtenido en las urnas y a quien fuera su candidata, hoy la primera Presidenta de M\u00e9xico, Dra. Claudia Sheinbaum\u201d.<\/p>\n","protected":false},"excerpt":{"rendered":"<p>Canciller\u00eda emitir\u00e1 durante la jornada un comunicado protocolar, pero no est\u00e1 previsto que el Presidente la salude &nbsp; &nbsp; Reci\u00e9n llegado de una gira que incluy\u00f3 Estados Unidos y El Salvador, el presidente Javier Milei arrib\u00f3 a Argentina en momentos en que Claudia Sheinbaum se convert\u00eda en la primera presidenta mujer de M\u00e9xico. Pese al hist\u00f3rico acontecimiento, el mandatario todav\u00eda no salud\u00f3 a su par. Canciller\u00eda emitir\u00e1 durante la jornada un comunicado protocolar, pero no est\u00e1 previsto que el Presidente la salude. Quien s\u00ed viaj\u00f3 personalmente a M\u00e9xico para participar&#8230;<\/p>\n","protected":false},"author":3,"featured_media":110679,"comment_status":"closed","ping_status":"closed","sticky":false,"template":"","format":"standard","meta":[],"categories":[18],"tags":[],"_links":{"self":[{"href":"https:\/\/www.actualidadadiario.com\/index.php\/wp-json\/wp\/v2\/posts\/115503"}],"collection":[{"href":"https:\/\/www.actualidadadiario.com\/index.php\/wp-json\/wp\/v2\/posts"}],"about":[{"href":"https:\/\/www.actualidadadiario.com\/index.php\/wp-json\/wp\/v2\/types\/post"}],"author":[{"embeddable":true,"href":"https:\/\/www.actualidadadiario.com\/index.php\/wp-json\/wp\/v2\/users\/3"}],"replies":[{"embeddable":true,"href":"https:\/\/www.actualidadadiario.com\/index.php\/wp-json\/wp\/v2\/comments?post=115503"}],"version-history":[{"count":2,"href":"https:\/\/www.actualidadadiario.com\/index.php\/wp-json\/wp\/v2\/posts\/115503\/revisions"}],"predecessor-version":[{"id":115505,"href":"https:\/\/www.actualidadadiario.com\/index.php\/wp-json\/wp\/v2\/posts\/115503\/revisions\/115505"}],"wp:featuredmedia":[{"embeddable":true,"href":"https:\/\/www.actualidadadiario.com\/index.php\/wp-json\/wp\/v2\/media\/110679"}],"wp:attachment":[{"href":"https:\/\/www.actualidadadiario.com\/index.php\/wp-json\/wp\/v2\/media?parent=115503"}],"wp:term":[{"taxonomy":"category","embeddable":true,"href":"https:\/\/www.actualidadadiario.com\/index.php\/wp-json\/wp\/v2\/categories?post=115503"},{"taxonomy":"post_tag","embeddable":true,"href":"https:\/\/www.actualidadadiario.com\/index.php\/wp-json\/wp\/v2\/tags?post=115503"}],"curies":[{"name":"wp","href":"https:\/\/api.w.org\/{rel}","templated":true}]}}