{"id":115501,"date":"2024-06-03T14:29:45","date_gmt":"2024-06-03T17:29:45","guid":{"rendered":"https:\/\/www.actualidadadiario.com\/?p=115501"},"modified":"2024-06-03T14:29:45","modified_gmt":"2024-06-03T17:29:45","slug":"escandalo-por-los-alimentos-en-capital-humano-el-gobierno-oficializo-la-salida-de-los-funcionarios-que-estaban-en-el-area-a-cargo-de-de-la-torre","status":"publish","type":"post","link":"https:\/\/www.actualidadadiario.com\/index.php\/2024\/06\/03\/escandalo-por-los-alimentos-en-capital-humano-el-gobierno-oficializo-la-salida-de-los-funcionarios-que-estaban-en-el-area-a-cargo-de-de-la-torre\/","title":{"rendered":"Esc\u00e1ndalo por los alimentos en Capital Humano: el Gobierno oficializ\u00f3 la salida de los funcionarios que estaban en el \u00e1rea a cargo de de la Torre"},"content":{"rendered":"<p style=\"text-align: center;\"><em><strong>Javier Milei volvi\u00f3 a defender a Sandra Pettovello y apunt\u00f3 al kirchnerismo: &#8220;No descarto que le quieran tirar un muerto&#8221;<\/strong><\/em><\/p>\n<p>&nbsp;<\/p>\n<p>&nbsp;<\/p>\n<p>En medio del esc\u00e1ndalo de los alimentos, el Gobierno oficializ\u00f3 este lunes la salida de los funcionarios que estaban en el \u00e1rea a cargo de Pablo de la Torre, en el ministerio de Capital Humano que encabeza Sandra Pettovello. Los agentes en cuesti\u00f3n son H\u00e9ctor Nicol\u00e1s Calvente, Mar\u00eda Luc\u00eda Raskovsky, Fernando de la Cruz Molina Pico, Esteban Mar\u00eda Bosch, cuyo cese en la prestaci\u00f3n de tareas se concret\u00f3 a trav\u00e9s del Bolet\u00edn Oficial.<\/p>\n<p>En tanto, el presidente Javier Milei sali\u00f3 a dar un fuerte respaldo a Pettovello. En paralelo, la ministra de Capital Humano denunci\u00f3 amenazas por los cambios en el manejo de la ayuda social.<\/p>\n<p>Adem\u00e1s del desplazamiento del propio Pablo de la Torre de la Secretar\u00eda de Ni\u00f1ez, Adolescencia y Familia la semana pasada, en medio de esc\u00e1ndalo por los alimentos almacenados, en las \u00faltimas horas hubo salidas de otros cuatro funcionarios del \u00e1rea.<\/p>\n<p>Dichas salidas se concretaron hoy a trav\u00e9s del Bolet\u00edn Oficial, mediante las resoluciones 339, 340, 341 y 342. El Gobierno en tanto defendi\u00f3 a Pettovello y le dio un fuerte respaldo en el cargo.<\/p>\n<p>Los funcionarios en cuesti\u00f3n son cuatro. Se trata de H\u00e9ctor Nicol\u00e1s Calvente, subsecretario de Pol\u00edticas Sociales; Mar\u00eda Luc\u00eda Raskovsky, subsecretaria de Pol\u00edticas Territoriales y Desarrollo Humano; Fernando de la Cruz Molina Pico, coordinador General de la Comisi\u00f3n Nacional de Coordinaci\u00f3n del Programa de Promoci\u00f3n del Microcr\u00e9dito para el Desarrollo de la Econom\u00eda Social; y Esteban Mar\u00eda Bosch, director nacional de Emergencia del Ministerio de Capital.<\/p>\n<p>Pablo de la Torre habl\u00f3 tras la salida de Capital Humano: &#8220;Tengo las manos limpias&#8221;<\/p>\n<p>El exsecretario de Ni\u00f1ez y Familia, Pablo de la Torre, despedido y denunciado &#8220;por falta de transparencia&#8221; por Sandra Pettovello, se defendi\u00f3 este s\u00e1bado en su cuenta de X: &#8220;Tengo la conciencia y las manos limpias&#8221;.<\/p>\n<p>Un d\u00eda despu\u00e9s de su despido, De la Torre ratific\u00f3 su inocencia y le ech\u00f3 la culpa a supuestos &#8220;kirchneristas infiltrados en el gobierno&#8221;. A pesar de la denuncia que le hizo Sandra Pettovello, mantuvo su fidelidad a la ministra de Capital Humano.<\/p>\n<p>&#8220;Tengo la conciencia y las manos limpias. Me enorgullece haber dado junto a la ministra Petovello la batalla contra los gerentes de la pobreza. No me voy a dejar amedrentar por los kirchneristas infiltrados en el gobierno. Muerto antes que sucio&#8221;, public\u00f3 en su cuenta de X.<\/p>\n","protected":false},"excerpt":{"rendered":"<p>Javier Milei volvi\u00f3 a defender a Sandra Pettovello y apunt\u00f3 al kirchnerismo: &#8220;No descarto que le quieran tirar un muerto&#8221; &nbsp; &nbsp; En medio del esc\u00e1ndalo de los alimentos, el Gobierno oficializ\u00f3 este lunes la salida de los funcionarios que estaban en el \u00e1rea a cargo de Pablo de la Torre, en el ministerio de Capital Humano que encabeza Sandra Pettovello. Los agentes en cuesti\u00f3n son H\u00e9ctor Nicol\u00e1s Calvente, Mar\u00eda Luc\u00eda Raskovsky, Fernando de la Cruz Molina Pico, Esteban Mar\u00eda Bosch, cuyo cese en la prestaci\u00f3n de tareas se concret\u00f3&#8230;<\/p>\n","protected":false},"author":3,"featured_media":115413,"comment_status":"closed","ping_status":"closed","sticky":false,"template":"","format":"standard","meta":[],"categories":[9],"tags":[],"_links":{"self":[{"href":"https:\/\/www.actualidadadiario.com\/index.php\/wp-json\/wp\/v2\/posts\/115501"}],"collection":[{"href":"https:\/\/www.actualidadadiario.com\/index.php\/wp-json\/wp\/v2\/posts"}],"about":[{"href":"https:\/\/www.actualidadadiario.com\/index.php\/wp-json\/wp\/v2\/types\/post"}],"author":[{"embeddable":true,"href":"https:\/\/www.actualidadadiario.com\/index.php\/wp-json\/wp\/v2\/users\/3"}],"replies":[{"embeddable":true,"href":"https:\/\/www.actualidadadiario.com\/index.php\/wp-json\/wp\/v2\/comments?post=115501"}],"version-history":[{"count":1,"href":"https:\/\/www.actualidadadiario.com\/index.php\/wp-json\/wp\/v2\/posts\/115501\/revisions"}],"predecessor-version":[{"id":115502,"href":"https:\/\/www.actualidadadiario.com\/index.php\/wp-json\/wp\/v2\/posts\/115501\/revisions\/115502"}],"wp:featuredmedia":[{"embeddable":true,"href":"https:\/\/www.actualidadadiario.com\/index.php\/wp-json\/wp\/v2\/media\/115413"}],"wp:attachment":[{"href":"https:\/\/www.actualidadadiario.com\/index.php\/wp-json\/wp\/v2\/media?parent=115501"}],"wp:term":[{"taxonomy":"category","embeddable":true,"href":"https:\/\/www.actualidadadiario.com\/index.php\/wp-json\/wp\/v2\/categories?post=115501"},{"taxonomy":"post_tag","embeddable":true,"href":"https:\/\/www.actualidadadiario.com\/index.php\/wp-json\/wp\/v2\/tags?post=115501"}],"curies":[{"name":"wp","href":"https:\/\/api.w.org\/{rel}","templated":true}]}}