{"id":115491,"date":"2024-06-03T12:33:11","date_gmt":"2024-06-03T15:33:11","guid":{"rendered":"https:\/\/www.actualidadadiario.com\/?p=115491"},"modified":"2024-06-03T12:33:11","modified_gmt":"2024-06-03T15:33:11","slug":"a-nueve-anos-del-ni-una-menos-un-grito-que-puso-en-jaque-la-violencia-contra-las-mujeres","status":"publish","type":"post","link":"https:\/\/www.actualidadadiario.com\/index.php\/2024\/06\/03\/a-nueve-anos-del-ni-una-menos-un-grito-que-puso-en-jaque-la-violencia-contra-las-mujeres\/","title":{"rendered":"A nueve a\u00f1os del Ni una Menos, un grito que puso en jaque la violencia contra las mujeres"},"content":{"rendered":"<p style=\"text-align: center;\"><em><strong>La consigna surgi\u00f3 despu\u00e9s del brutal femicidio de Chiara P\u00e1ez mayo de 2015. Habr\u00e1 marchas en todo el pa\u00eds<\/strong><\/em><\/p>\n<p>&nbsp;<\/p>\n<p>&nbsp;<\/p>\n<p>El grito \u201cNi una Menos\u201d que puso en jaque la violencia contra las mujeres cumple nueve a\u00f1os y este lunes se esperan diversas movilizaciones en el pa\u00eds por parte de distintas agrupaciones feministas: \u201cA nueve a\u00f1os del primer Ni Una Menos, esta manifestaci\u00f3n nos sigue convocando, porque muchos de los reclamos de 2015 siguen sin cumplirse\u201d.<\/p>\n<p>La consigna surgi\u00f3 despu\u00e9s del brutal femicidio de Chiara P\u00e1ez mayo de 2015 en manos de su pareja en la localidad de Rufino. Tras el hecho, surgieron en todo el pa\u00eds diversas movilizaciones bajo el lema \u201cNi una Menos\u201d y que provoc\u00f3 una masiva marea de reclamos en otras partes del mundo.<\/p>\n<p>Este lunes, a nueve a\u00f1os de su creaci\u00f3n, se llevar\u00e1n a cabo diversos encuentros en todo el pa\u00eds para continuar con los reclamos por la falta de justicia que hay en la mayor\u00eda de los femicidios, as\u00ed como tambi\u00e9n de los actos de violencia de g\u00e9nero.<\/p>\n<p>El acto central tendr\u00e1 como escenario principal en la d\u00e1rsena del Congreso nacional donde a las 16.30 comenzar\u00e1 la concentraci\u00f3n de distintas agrupaciones feministas, para luego, dos horas despu\u00e9s, la periodista y militante Liliana Daunes haga una lectura de documentos con los principales reclamos.<\/p>\n<p>Aunque la idea de esta marcha es poner en situaci\u00f3n todos los femicidios que se cometieron en la Argentina, Luc\u00eda Cavallero, docente y militante del colectivo de mujeres, sostuvo que el foco estar\u00e1 centrado principalmente en el triple crimen en Barracas: \u201cEste a\u00f1o tenemos como consigna principal visibilizar que la reciente masacre fue un triple lesbicidio y que Ni Una Menos es tambi\u00e9n Ni Una Lesbiana Menos\u201d.<\/p>\n<p>Se trata del caso en el que Mercedes Roxana Figueroa, Pamela Fabiana Cobos y Andrea Amarante fueron brutalmente asesinadas por un vecino que incendi\u00f3 la habitaci\u00f3n en la que las v\u00edctimas viv\u00edan en un hotel familiar en Barracas.<\/p>\n<p>Adem\u00e1s, entre otras de las consignas se encuentran el pedido de \u201cpol\u00edticas con perspectiva de g\u00e9nero que est\u00e1n siendo desmanteladas\u201d y el repudio \u201ccontra la crueldad de un gobierno que no entrega alimentos a los comedores populares y se vanagloria de eso!\u201d.<\/p>\n","protected":false},"excerpt":{"rendered":"<p>La consigna surgi\u00f3 despu\u00e9s del brutal femicidio de Chiara P\u00e1ez mayo de 2015. Habr\u00e1 marchas en todo el pa\u00eds &nbsp; &nbsp; El grito \u201cNi una Menos\u201d que puso en jaque la violencia contra las mujeres cumple nueve a\u00f1os y este lunes se esperan diversas movilizaciones en el pa\u00eds por parte de distintas agrupaciones feministas: \u201cA nueve a\u00f1os del primer Ni Una Menos, esta manifestaci\u00f3n nos sigue convocando, porque muchos de los reclamos de 2015 siguen sin cumplirse\u201d. La consigna surgi\u00f3 despu\u00e9s del brutal femicidio de Chiara P\u00e1ez mayo de 2015&#8230;<\/p>\n","protected":false},"author":3,"featured_media":98757,"comment_status":"closed","ping_status":"closed","sticky":false,"template":"","format":"standard","meta":[],"categories":[2],"tags":[],"_links":{"self":[{"href":"https:\/\/www.actualidadadiario.com\/index.php\/wp-json\/wp\/v2\/posts\/115491"}],"collection":[{"href":"https:\/\/www.actualidadadiario.com\/index.php\/wp-json\/wp\/v2\/posts"}],"about":[{"href":"https:\/\/www.actualidadadiario.com\/index.php\/wp-json\/wp\/v2\/types\/post"}],"author":[{"embeddable":true,"href":"https:\/\/www.actualidadadiario.com\/index.php\/wp-json\/wp\/v2\/users\/3"}],"replies":[{"embeddable":true,"href":"https:\/\/www.actualidadadiario.com\/index.php\/wp-json\/wp\/v2\/comments?post=115491"}],"version-history":[{"count":1,"href":"https:\/\/www.actualidadadiario.com\/index.php\/wp-json\/wp\/v2\/posts\/115491\/revisions"}],"predecessor-version":[{"id":115492,"href":"https:\/\/www.actualidadadiario.com\/index.php\/wp-json\/wp\/v2\/posts\/115491\/revisions\/115492"}],"wp:featuredmedia":[{"embeddable":true,"href":"https:\/\/www.actualidadadiario.com\/index.php\/wp-json\/wp\/v2\/media\/98757"}],"wp:attachment":[{"href":"https:\/\/www.actualidadadiario.com\/index.php\/wp-json\/wp\/v2\/media?parent=115491"}],"wp:term":[{"taxonomy":"category","embeddable":true,"href":"https:\/\/www.actualidadadiario.com\/index.php\/wp-json\/wp\/v2\/categories?post=115491"},{"taxonomy":"post_tag","embeddable":true,"href":"https:\/\/www.actualidadadiario.com\/index.php\/wp-json\/wp\/v2\/tags?post=115491"}],"curies":[{"name":"wp","href":"https:\/\/api.w.org\/{rel}","templated":true}]}}