{"id":115482,"date":"2024-06-03T10:05:42","date_gmt":"2024-06-03T13:05:42","guid":{"rendered":"https:\/\/www.actualidadadiario.com\/?p=115482"},"modified":"2024-06-03T10:05:42","modified_gmt":"2024-06-03T13:05:42","slug":"preocupacion-por-el-turismo-en-bariloche-no-superaria-el-20-de-ocupacion-en-mayo","status":"publish","type":"post","link":"https:\/\/www.actualidadadiario.com\/index.php\/2024\/06\/03\/preocupacion-por-el-turismo-en-bariloche-no-superaria-el-20-de-ocupacion-en-mayo\/","title":{"rendered":"Preocupaci\u00f3n por el turismo en Bariloche: no superar\u00eda el 20% de ocupaci\u00f3n en mayo"},"content":{"rendered":"<p style=\"text-align: center;\"><em><strong>Desde la C\u00e1mara de Turismo de Bariloche manifestaron que temen volver a la d\u00e9cada del &#8217;90, en el marco de una importante desocupaci\u00f3n tur\u00edstica<\/strong><\/em><\/p>\n<p>&nbsp;<\/p>\n<p>&nbsp;<\/p>\n<p>Uno de los destinos m\u00e1s elegidos tanto por turistas nacionales como extranjeros, Bariloche, se encuentra en estado de alerta debido a la baja ocupaci\u00f3n en el \u00faltimo mes, con apenas un 20% seg\u00fan la C\u00e1mara de Turismo.<\/p>\n<p>Esto produce una perspectiva de temor de cara a las vacaciones de invierno: luego de la devaluaci\u00f3n y la ca\u00edda del salario real, combinado a los aumentos de los precios -el pase diario del Cerro Catedral costar\u00e1 $110.000, un 280% m\u00e1s que el a\u00f1o pasado- y despidos, una demanda muy baja que golpear\u00e1 a todo el sector tur\u00edstico.<\/p>\n<p>De esta forma, la propia C\u00e1mara de Turismo expres\u00f3 su preocupaci\u00f3n por el oscuro panorama, donde su presidente N\u00e9stor Denoya declar\u00f3: &#8221;La clase media es el motor de Bariloche y hoy la clase media dej\u00f3 de viajar. Los a\u00f1os de buenas \u2018bajas\u2019 se terminaron -describi\u00f3-. En abril la ocupaci\u00f3n en Bariloche estuvo en el 20% de la capacidad de alojamiento y en mayo estamos todav\u00eda evaluando, pero no s\u00e9 si est\u00e1 abajo de ese 20%&#8221;.<\/p>\n<p>En declaraciones con Cadena 3, tambi\u00e9n advirti\u00f3 que podr\u00eda haber una crisis similar a la de los a\u00f1os 90: &#8221;Veo llegar la d\u00e9cada del 90 con enorme preocupaci\u00f3n. Temporadas muy cortitas, mucha gente viajando para afuera, la mayor parte del pa\u00eds no viajando porque no puede, paup\u00e9rrima situaci\u00f3n salarial, poca renovaci\u00f3n de flota, poca renovaci\u00f3n de hoteler\u00eda&#8230; eso fue la d\u00e9cada del 90&#8221;.<\/p>\n<p>&nbsp;<\/p>\n<p><strong>Turismo extranjero en Bariloche<\/strong><\/p>\n<p>As\u00ed, se\u00f1al\u00f3 que el oto\u00f1o fue &#8221;muy malo&#8221; y que &#8221;Brasil se par\u00f3&#8221;, en relaci\u00f3n a los altos niveles de inflaci\u00f3n y la reducci\u00f3n del poder de compra de las familias argentinas, as\u00ed como tambi\u00e9n de los extranjeros, a quienes la relaci\u00f3n cambiaria dej\u00f3 de favorecerles.<\/p>\n<p>Otro tema preocupante es el futuro, ya que para esta \u00e9poca, es normal que la reservas empiecen a moverse y se vayan llenando los lugares: &#8221;Julio queda afuera, como enero, Bariloche se llena aunque no hagas nada y es posible que haya una ocupaci\u00f3n del 85 \u00f3 90%. Pero agosto y septiembre vienen realmente mal. Lo usual es entrar a junio con agosto casi liquidado, vendido en un 70%. Hoy nada que ver. La comercializaci\u00f3n est\u00e1 muy complicada\u201d.<\/p>\n<p>Adem\u00e1s, se\u00f1al\u00f3 que las temporadas de 2021 a 2023, gracias al programa Pre Viaje, fueron una primavera que dif\u00edcilmente vuelva en este contexto y que por lo tanto, el empresariado local es &#8221;ferviente defensor del Pre Viaje&#8221;.<\/p>\n","protected":false},"excerpt":{"rendered":"<p>Desde la C\u00e1mara de Turismo de Bariloche manifestaron que temen volver a la d\u00e9cada del &#8217;90, en el marco de una importante desocupaci\u00f3n tur\u00edstica &nbsp; &nbsp; Uno de los destinos m\u00e1s elegidos tanto por turistas nacionales como extranjeros, Bariloche, se encuentra en estado de alerta debido a la baja ocupaci\u00f3n en el \u00faltimo mes, con apenas un 20% seg\u00fan la C\u00e1mara de Turismo. Esto produce una perspectiva de temor de cara a las vacaciones de invierno: luego de la devaluaci\u00f3n y la ca\u00edda del salario real, combinado a los aumentos&#8230;<\/p>\n","protected":false},"author":3,"featured_media":115483,"comment_status":"closed","ping_status":"closed","sticky":false,"template":"","format":"standard","meta":[],"categories":[2],"tags":[],"_links":{"self":[{"href":"https:\/\/www.actualidadadiario.com\/index.php\/wp-json\/wp\/v2\/posts\/115482"}],"collection":[{"href":"https:\/\/www.actualidadadiario.com\/index.php\/wp-json\/wp\/v2\/posts"}],"about":[{"href":"https:\/\/www.actualidadadiario.com\/index.php\/wp-json\/wp\/v2\/types\/post"}],"author":[{"embeddable":true,"href":"https:\/\/www.actualidadadiario.com\/index.php\/wp-json\/wp\/v2\/users\/3"}],"replies":[{"embeddable":true,"href":"https:\/\/www.actualidadadiario.com\/index.php\/wp-json\/wp\/v2\/comments?post=115482"}],"version-history":[{"count":1,"href":"https:\/\/www.actualidadadiario.com\/index.php\/wp-json\/wp\/v2\/posts\/115482\/revisions"}],"predecessor-version":[{"id":115484,"href":"https:\/\/www.actualidadadiario.com\/index.php\/wp-json\/wp\/v2\/posts\/115482\/revisions\/115484"}],"wp:featuredmedia":[{"embeddable":true,"href":"https:\/\/www.actualidadadiario.com\/index.php\/wp-json\/wp\/v2\/media\/115483"}],"wp:attachment":[{"href":"https:\/\/www.actualidadadiario.com\/index.php\/wp-json\/wp\/v2\/media?parent=115482"}],"wp:term":[{"taxonomy":"category","embeddable":true,"href":"https:\/\/www.actualidadadiario.com\/index.php\/wp-json\/wp\/v2\/categories?post=115482"},{"taxonomy":"post_tag","embeddable":true,"href":"https:\/\/www.actualidadadiario.com\/index.php\/wp-json\/wp\/v2\/tags?post=115482"}],"curies":[{"name":"wp","href":"https:\/\/api.w.org\/{rel}","templated":true}]}}