{"id":115475,"date":"2024-06-03T09:39:57","date_gmt":"2024-06-03T12:39:57","guid":{"rendered":"https:\/\/www.actualidadadiario.com\/?p=115475"},"modified":"2024-06-03T09:39:57","modified_gmt":"2024-06-03T12:39:57","slug":"federacion-entre-las-principales-propuestas-que-ofrecera-entre-rios-para-visitar-en-invierno","status":"publish","type":"post","link":"https:\/\/www.actualidadadiario.com\/index.php\/2024\/06\/03\/federacion-entre-las-principales-propuestas-que-ofrecera-entre-rios-para-visitar-en-invierno\/","title":{"rendered":"Federaci\u00f3n entre las principales propuestas que ofrecer\u00e1 Entre R\u00edos para visitar en invierno"},"content":{"rendered":"<p style=\"text-align: center;\"><em><strong>Este martes, la ciudad de Federaci\u00f3n se destacar\u00e1 en el lanzamiento de la temporada tur\u00edstica invernal \u00abEntre R\u00edos Destino de Invierno\u00bb, que se llevar\u00e1 a cabo en Capital Federal. La Secretar\u00eda de Turismo de la ciudad jard\u00edn ha preparado una promoci\u00f3n especial para este evento, con el intendente Ricardo Bravo encabezando la delegaci\u00f3n que representar\u00e1 a Federaci\u00f3n<\/strong><\/em><\/p>\n<p>&nbsp;<\/p>\n<p>&nbsp;<\/p>\n<p><strong>Un evento destacado<\/strong><\/p>\n<p>El lanzamiento se realizar\u00e1 en el microcine del Centro Cultural Recoleta de 15 a 18 horas, y contar\u00e1 con la presencia del gobernador de Entre R\u00edos, Rogelio Frigerio; el jefe de Gobierno de la Ciudad Aut\u00f3noma de Buenos Aires, Jorge Macri; el secretario de Turismo, Ambiente y Deportes de la Naci\u00f3n, Daniel Scioli; y el secretario de Turismo de la provincia, Jorge Satto. Donde el intendente de Federaci\u00f3n, Ricardo Bravo, tambi\u00e9n estar\u00e1 presente para apoyar la promoci\u00f3n de su ciudad.<\/p>\n<p>&nbsp;<\/p>\n<p><strong>Federaci\u00f3n, protagonista en turismo termal<\/strong><\/p>\n<p>Ezequiel Marozzini, secretario de Turismo de Federaci\u00f3n, en di\u00e1logo con radio UNO Federaci\u00f3n, expres\u00f3 que la ciudad se ha consolidado como uno de los destinos tur\u00edsticos m\u00e1s buscados por su propuesta termal. \u00abLas termas de nuestra ciudad son las m\u00e1s solicitadas, sobre todo por la trayectoria que tiene Federaci\u00f3n en materia de turismo\u00bb, destac\u00f3 Marozzini. El funcionario subray\u00f3 la importancia de este tipo de eventos para atraer visitantes durante la temporada baja, realizando pautas con diferentes medios nacionales.<\/p>\n<p>&nbsp;<\/p>\n<p><strong>Promociones y actividades<\/strong><\/p>\n<p>Durante la jornada, Federaci\u00f3n presentar\u00e1 degustaciones de diversos prestadores y destacar\u00e1 la calidez y calidad de sus termas. Marozzini mostr\u00f3 optimismo respecto a la pr\u00f3xima temporada de invierno: \u00abAunque mayo y junio son meses de temporada baja, somos optimistas y creemos que vamos a tener unas buenas vacaciones de invierno, lo que esperamos que marque el repunte esperado del sector\u00bb.<\/p>\n<p>&nbsp;<\/p>\n<p><strong>Colaboraci\u00f3n con la Asociaci\u00f3n Hotelera y Gastron\u00f3mica<\/strong><\/p>\n<p>El secretario de Turismo tambi\u00e9n destac\u00f3 la buena relaci\u00f3n y colaboraci\u00f3n con las nuevas autoridades de la Asociaci\u00f3n Hotelera y Gastron\u00f3mica de Federaci\u00f3n, encabezada por Graciela Racedo. \u00abMantenemos una charla muy fluida y celebro que la entidad haya elegido nuevas autoridades. No tengo dudas de que vamos a seguir trabajando de manera conjunta entre el sector privado y el p\u00fablico. La presencia de Graciela le va a hacer muy bien a esta asociaci\u00f3n, ya que coincidimos en varias ideas que pretendemos proyectar como ciudad tur\u00edstica\u00bb, concluy\u00f3 Marozzini.<\/p>\n","protected":false},"excerpt":{"rendered":"<p>Este martes, la ciudad de Federaci\u00f3n se destacar\u00e1 en el lanzamiento de la temporada tur\u00edstica invernal \u00abEntre R\u00edos Destino de Invierno\u00bb, que se llevar\u00e1 a cabo en Capital Federal. La Secretar\u00eda de Turismo de la ciudad jard\u00edn ha preparado una promoci\u00f3n especial para este evento, con el intendente Ricardo Bravo encabezando la delegaci\u00f3n que representar\u00e1 a Federaci\u00f3n &nbsp; &nbsp; Un evento destacado El lanzamiento se realizar\u00e1 en el microcine del Centro Cultural Recoleta de 15 a 18 horas, y contar\u00e1 con la presencia del gobernador de Entre R\u00edos, Rogelio Frigerio;&#8230;<\/p>\n","protected":false},"author":3,"featured_media":115476,"comment_status":"closed","ping_status":"closed","sticky":false,"template":"","format":"standard","meta":[],"categories":[15],"tags":[],"_links":{"self":[{"href":"https:\/\/www.actualidadadiario.com\/index.php\/wp-json\/wp\/v2\/posts\/115475"}],"collection":[{"href":"https:\/\/www.actualidadadiario.com\/index.php\/wp-json\/wp\/v2\/posts"}],"about":[{"href":"https:\/\/www.actualidadadiario.com\/index.php\/wp-json\/wp\/v2\/types\/post"}],"author":[{"embeddable":true,"href":"https:\/\/www.actualidadadiario.com\/index.php\/wp-json\/wp\/v2\/users\/3"}],"replies":[{"embeddable":true,"href":"https:\/\/www.actualidadadiario.com\/index.php\/wp-json\/wp\/v2\/comments?post=115475"}],"version-history":[{"count":1,"href":"https:\/\/www.actualidadadiario.com\/index.php\/wp-json\/wp\/v2\/posts\/115475\/revisions"}],"predecessor-version":[{"id":115477,"href":"https:\/\/www.actualidadadiario.com\/index.php\/wp-json\/wp\/v2\/posts\/115475\/revisions\/115477"}],"wp:featuredmedia":[{"embeddable":true,"href":"https:\/\/www.actualidadadiario.com\/index.php\/wp-json\/wp\/v2\/media\/115476"}],"wp:attachment":[{"href":"https:\/\/www.actualidadadiario.com\/index.php\/wp-json\/wp\/v2\/media?parent=115475"}],"wp:term":[{"taxonomy":"category","embeddable":true,"href":"https:\/\/www.actualidadadiario.com\/index.php\/wp-json\/wp\/v2\/categories?post=115475"},{"taxonomy":"post_tag","embeddable":true,"href":"https:\/\/www.actualidadadiario.com\/index.php\/wp-json\/wp\/v2\/tags?post=115475"}],"curies":[{"name":"wp","href":"https:\/\/api.w.org\/{rel}","templated":true}]}}