{"id":115470,"date":"2024-06-03T09:38:00","date_gmt":"2024-06-03T12:38:00","guid":{"rendered":"https:\/\/www.actualidadadiario.com\/?p=115470"},"modified":"2024-06-03T09:38:00","modified_gmt":"2024-06-03T12:38:00","slug":"entre-rios-se-prepara-para-la-campana-de-salud-bucal-en-las-escuelas-2024","status":"publish","type":"post","link":"https:\/\/www.actualidadadiario.com\/index.php\/2024\/06\/03\/entre-rios-se-prepara-para-la-campana-de-salud-bucal-en-las-escuelas-2024\/","title":{"rendered":"Entre R\u00edos se prepara para la Campa\u00f1a de Salud Bucal en las Escuelas 2024"},"content":{"rendered":"<p style=\"text-align: center;\"><em><strong>Con el objetivo de promocionar buenos h\u00e1bitos para una correcta higiene bucodental en ni\u00f1os y adolescentes que concurren a los establecimientos educativos, la provincia de Entre R\u00edos pondr\u00e1 en marcha el pr\u00f3ximo mi\u00e9rcoles 5 de junio la Campa\u00f1a de Salud Bucal en las Escuelas 2024<\/strong><\/em><\/p>\n<p>&nbsp;<\/p>\n<p>&nbsp;<\/p>\n<p>El acto de lanzamiento ser\u00e1 encabezado por el gobernador Rogelio Frigerio, acompa\u00f1ado por el ministro de Salud, Guillermo Grieve y la titular del Consejo General de Educaci\u00f3n Alicia Fregonese, en la Escuela N\u00b0 190 Obispo Gelabert y Crespo de la ciudad de Paran\u00e1. All\u00ed comenzar\u00e1n las actividades relacionadas con la promoci\u00f3n de la salud bucal para el presente ciclo lectivo.<\/p>\n<p>Esta iniciativa se enmarca en la Ley Provincial N\u00b0 9.813 que establece el &#8220;Programa de Salud Bucal Escolar para los ni\u00f1os y adolescentes comprendidos en el sistema educativo de la Provincia de Entre R\u00edos&#8221;. Esta propuesta se implementa a trav\u00e9s del &#8220;Carnet de Salud Bucal&#8221;, donde quedan registradas las sesiones de prevenci\u00f3n a las que concurre cada alumno, que deben tener una periodicidad de seis meses entre cada control.<\/p>\n<p>&#8220;La actividad dar\u00e1 comienzo a nivel provincial y permitir\u00e1 la implementaci\u00f3n de un sistema de control del estado de salud bucal en los ni\u00f1os desde el primer a\u00f1o de la educaci\u00f3n obligatoria en el nivel inicial, hasta el \u00faltimo a\u00f1o de educaci\u00f3n secundaria&#8221;, destac\u00f3 el director general de Hospitales, Ricardo Garc\u00eda, quien tambi\u00e9n est\u00e1 al frente de la Direcci\u00f3n de Odontolog\u00eda del Ministerio. Al mismo tiempo, sostuvo: &#8220;El carnet es una herramienta que ayuda a las familias, para que cada seis meses concurran a un consultorio odontol\u00f3gico con el estudiante, para una sesi\u00f3n de prevenci\u00f3n&#8221;.<\/p>\n<p>Estas sesiones sirven para que los especialistas ense\u00f1en la t\u00e9cnica de cepillado, brinden asesoramiento en el consumo de hidratos de carbono (dulces), y realicen pr\u00e1cticas como limpieza mec\u00e1nica, inactivaci\u00f3n de caries y aplicaci\u00f3n de fl\u00faor.<\/p>\n<p>&#8220;Dentro de las actividades que se realizan en los establecimientos educativos, tambi\u00e9n se encuentran las charlas de promoci\u00f3n de salud bucal, talleres para ni\u00f1os, adolescentes, padres y docentes. Este a\u00f1o tambi\u00e9n lanzamos la campa\u00f1a de kiosco sano o cantina saludable. La idea es acompa\u00f1ar a los establecimientos educativos para que sus kioscos no vendan alimentos cariog\u00e9nicos -altos en carbohidratos que terminan convirti\u00e9ndose en az\u00facares-&#8221; agreg\u00f3 Garc\u00eda.<\/p>\n<p>Para el cumplimiento de lo previsto en esta ley, la Direcci\u00f3n de Odontolog\u00eda cre\u00f3 la Red de Odont\u00f3logos Escolares (Rodes). \u00c9sta tiene como misi\u00f3n acompa\u00f1ar a los establecimientos educativos de toda la provincia en el seguimiento de los alumnos a fin de que lleven sus controles odontol\u00f3gicos al d\u00eda. Dicha red est\u00e1 compuesta por m\u00e1s de 250 odont\u00f3logos.<\/p>\n<p>Cabe indicar que adem\u00e1s acompa\u00f1an esta iniciativa el Poder Ejecutivo y Legislativo.<\/p>\n","protected":false},"excerpt":{"rendered":"<p>Con el objetivo de promocionar buenos h\u00e1bitos para una correcta higiene bucodental en ni\u00f1os y adolescentes que concurren a los establecimientos educativos, la provincia de Entre R\u00edos pondr\u00e1 en marcha el pr\u00f3ximo mi\u00e9rcoles 5 de junio la Campa\u00f1a de Salud Bucal en las Escuelas 2024 &nbsp; &nbsp; El acto de lanzamiento ser\u00e1 encabezado por el gobernador Rogelio Frigerio, acompa\u00f1ado por el ministro de Salud, Guillermo Grieve y la titular del Consejo General de Educaci\u00f3n Alicia Fregonese, en la Escuela N\u00b0 190 Obispo Gelabert y Crespo de la ciudad de Paran\u00e1&#8230;.<\/p>\n","protected":false},"author":3,"featured_media":115471,"comment_status":"closed","ping_status":"closed","sticky":false,"template":"","format":"standard","meta":[],"categories":[15],"tags":[],"_links":{"self":[{"href":"https:\/\/www.actualidadadiario.com\/index.php\/wp-json\/wp\/v2\/posts\/115470"}],"collection":[{"href":"https:\/\/www.actualidadadiario.com\/index.php\/wp-json\/wp\/v2\/posts"}],"about":[{"href":"https:\/\/www.actualidadadiario.com\/index.php\/wp-json\/wp\/v2\/types\/post"}],"author":[{"embeddable":true,"href":"https:\/\/www.actualidadadiario.com\/index.php\/wp-json\/wp\/v2\/users\/3"}],"replies":[{"embeddable":true,"href":"https:\/\/www.actualidadadiario.com\/index.php\/wp-json\/wp\/v2\/comments?post=115470"}],"version-history":[{"count":1,"href":"https:\/\/www.actualidadadiario.com\/index.php\/wp-json\/wp\/v2\/posts\/115470\/revisions"}],"predecessor-version":[{"id":115472,"href":"https:\/\/www.actualidadadiario.com\/index.php\/wp-json\/wp\/v2\/posts\/115470\/revisions\/115472"}],"wp:featuredmedia":[{"embeddable":true,"href":"https:\/\/www.actualidadadiario.com\/index.php\/wp-json\/wp\/v2\/media\/115471"}],"wp:attachment":[{"href":"https:\/\/www.actualidadadiario.com\/index.php\/wp-json\/wp\/v2\/media?parent=115470"}],"wp:term":[{"taxonomy":"category","embeddable":true,"href":"https:\/\/www.actualidadadiario.com\/index.php\/wp-json\/wp\/v2\/categories?post=115470"},{"taxonomy":"post_tag","embeddable":true,"href":"https:\/\/www.actualidadadiario.com\/index.php\/wp-json\/wp\/v2\/tags?post=115470"}],"curies":[{"name":"wp","href":"https:\/\/api.w.org\/{rel}","templated":true}]}}