{"id":115465,"date":"2024-06-03T09:35:38","date_gmt":"2024-06-03T12:35:38","guid":{"rendered":"https:\/\/www.actualidadadiario.com\/?p=115465"},"modified":"2024-06-03T09:35:38","modified_gmt":"2024-06-03T12:35:38","slug":"la-provincia-refuerza-las-acciones-de-prevencion-en-materia-de-seguridad-vial","status":"publish","type":"post","link":"https:\/\/www.actualidadadiario.com\/index.php\/2024\/06\/03\/la-provincia-refuerza-las-acciones-de-prevencion-en-materia-de-seguridad-vial\/","title":{"rendered":"La Provincia refuerza las acciones de prevenci\u00f3n en materia de Seguridad Vial"},"content":{"rendered":"<p style=\"text-align: center;\"><em><strong>Durante el mes de mayo el gobierno de Entre R\u00edos desarroll\u00f3 diferentes acciones para fortalecer las herramientas de prevenci\u00f3n vial y brindar concientizaci\u00f3n a la ciudadan\u00eda sobre las normas y pr\u00e1cticas para una conducci\u00f3n responsable<\/strong><\/em><\/p>\n<p>&nbsp;<\/p>\n<p>&nbsp;<\/p>\n<p>En la \u00f3rbita del Ministerio de Seguridad y Justicia de la provincia de Entre R\u00edos, el Observatorio de Seguridad Vial junto a la Divisi\u00f3n de Prevenci\u00f3n y Seguridad Vial de la Polic\u00eda de Entre R\u00edos, desarrollan diferentes acciones tendientes a brindar mayor informaci\u00f3n y concientizaci\u00f3n a la comunidad.<\/p>\n<p>Durante el mes de mayo se entregaron un total de 100 cascos homologados a diferentes municipios de la provincia; se trasladaron los equipos de Educaci\u00f3n Vial a diferentes establecimientos educativos y deportivos para brindar informaci\u00f3n y concientizaci\u00f3n; se realizaron jornadas de concientizaci\u00f3n sobre los riesgos del consumo de alcohol y se implementaron nuevas herramientas de sensibilizaci\u00f3n en rutas.<\/p>\n<p>&nbsp;<\/p>\n<p><strong>Sensibilizaci\u00f3n<\/strong><\/p>\n<p>En el marco del operativo de Verano Seguro 2024, la Polic\u00eda de Entre R\u00edos, a trav\u00e9s de la Divisi\u00f3n de Seguridad Vial, implement\u00f3 una nueva metodolog\u00eda para llegar a las familias con informaci\u00f3n y sugerencias para una conducci\u00f3n segura. Esto se sigue realizando en las rutas entrerrianas, buscando fortalecer la conciencia vial.<\/p>\n<p>Se trata de una tarjeta con c\u00f3digo QR que te dirige a diferentes campa\u00f1as de concientizaci\u00f3n vial.\u00a0 Adem\u00e1s, se busca a trav\u00e9s de esta acci\u00f3n generar un di\u00e1logo al interior del grupo familiar, sobre las buenas pr\u00e1cticas y normativas a la hora de conducir en la ciudad y rutas. La nueva metodolog\u00eda se suma a las tradicionales acciones de prevenci\u00f3n que se llevan a cabo durante el Operativo Verano Seguro, como los controles vehiculares.<\/p>\n<p>&nbsp;<\/p>\n<p><strong>Educaci\u00f3n<\/strong><\/p>\n<p>En materia de educaci\u00f3n vial se vienen desarrollando diferentes acciones tendientes a concientizar y brindar informaci\u00f3n sobre normativas vigentes y buenas pr\u00e1cticas. En este sentido, se desarrollaron charlas en escuelas de la provincia donde se entregaron materiales informativos y se despejaron dudas sobre se\u00f1ales viales. Adem\u00e1s, realizaron jornadas de concientizaci\u00f3n sobre los riesgos del consumo de alcohol con la utilizaci\u00f3n de un inflable perteneciente a la direcci\u00f3n de Educaci\u00f3n Vial de la Polic\u00eda. Estas acciones se desarrollaron en barrios y clubes de la ciudad de Paran\u00e1, en el marco del programa M\u00fasica en los Barrios que se encuentra vigente.<\/p>\n<p>Asimismo, se sigue brindando capacitaci\u00f3n y asesoramiento a municipios en materia de uso de alcohol\u00edmetros, alcohotest y prevenci\u00f3n vial.<\/p>\n<p>&nbsp;<\/p>\n<p><strong>Fortalecimiento<\/strong><\/p>\n<p>Como medida de fortalecimiento a las acciones de los gobiernos locales para mejorar la seguridad vial, el gobierno provincial entreg\u00f3 a trav\u00e9s del Observatorio de Seguridad Vial, un total de 100 cascos homologados a municipios. Se trata de una acci\u00f3n que busca implementar y fomentar la utilizaci\u00f3n de cascos para prevenir siniestros viales.<\/p>\n","protected":false},"excerpt":{"rendered":"<p>Durante el mes de mayo el gobierno de Entre R\u00edos desarroll\u00f3 diferentes acciones para fortalecer las herramientas de prevenci\u00f3n vial y brindar concientizaci\u00f3n a la ciudadan\u00eda sobre las normas y pr\u00e1cticas para una conducci\u00f3n responsable &nbsp; &nbsp; En la \u00f3rbita del Ministerio de Seguridad y Justicia de la provincia de Entre R\u00edos, el Observatorio de Seguridad Vial junto a la Divisi\u00f3n de Prevenci\u00f3n y Seguridad Vial de la Polic\u00eda de Entre R\u00edos, desarrollan diferentes acciones tendientes a brindar mayor informaci\u00f3n y concientizaci\u00f3n a la comunidad. Durante el mes de mayo&#8230;<\/p>\n","protected":false},"author":3,"featured_media":115466,"comment_status":"closed","ping_status":"closed","sticky":false,"template":"","format":"standard","meta":[],"categories":[15],"tags":[],"_links":{"self":[{"href":"https:\/\/www.actualidadadiario.com\/index.php\/wp-json\/wp\/v2\/posts\/115465"}],"collection":[{"href":"https:\/\/www.actualidadadiario.com\/index.php\/wp-json\/wp\/v2\/posts"}],"about":[{"href":"https:\/\/www.actualidadadiario.com\/index.php\/wp-json\/wp\/v2\/types\/post"}],"author":[{"embeddable":true,"href":"https:\/\/www.actualidadadiario.com\/index.php\/wp-json\/wp\/v2\/users\/3"}],"replies":[{"embeddable":true,"href":"https:\/\/www.actualidadadiario.com\/index.php\/wp-json\/wp\/v2\/comments?post=115465"}],"version-history":[{"count":1,"href":"https:\/\/www.actualidadadiario.com\/index.php\/wp-json\/wp\/v2\/posts\/115465\/revisions"}],"predecessor-version":[{"id":115467,"href":"https:\/\/www.actualidadadiario.com\/index.php\/wp-json\/wp\/v2\/posts\/115465\/revisions\/115467"}],"wp:featuredmedia":[{"embeddable":true,"href":"https:\/\/www.actualidadadiario.com\/index.php\/wp-json\/wp\/v2\/media\/115466"}],"wp:attachment":[{"href":"https:\/\/www.actualidadadiario.com\/index.php\/wp-json\/wp\/v2\/media?parent=115465"}],"wp:term":[{"taxonomy":"category","embeddable":true,"href":"https:\/\/www.actualidadadiario.com\/index.php\/wp-json\/wp\/v2\/categories?post=115465"},{"taxonomy":"post_tag","embeddable":true,"href":"https:\/\/www.actualidadadiario.com\/index.php\/wp-json\/wp\/v2\/tags?post=115465"}],"curies":[{"name":"wp","href":"https:\/\/api.w.org\/{rel}","templated":true}]}}