{"id":115451,"date":"2024-05-31T12:51:20","date_gmt":"2024-05-31T15:51:20","guid":{"rendered":"https:\/\/www.actualidadadiario.com\/?p=115451"},"modified":"2024-05-31T12:51:20","modified_gmt":"2024-05-31T15:51:20","slug":"alerta-en-europa-por-suba-de-casos-de-covid-19-en-espana-los-sintomas-de-la-nueva-variante","status":"publish","type":"post","link":"https:\/\/www.actualidadadiario.com\/index.php\/2024\/05\/31\/alerta-en-europa-por-suba-de-casos-de-covid-19-en-espana-los-sintomas-de-la-nueva-variante\/","title":{"rendered":"Alerta en Europa por suba de casos de Covid-19 en Espa\u00f1a: los s\u00edntomas de la nueva variante"},"content":{"rendered":"<p style=\"text-align: center;\"><em><strong>A pesar de la llegada del calor, el coronavirus contin\u00faa presente en Espa\u00f1a. Cu\u00e1les son las variantes de la enfermedad que predominan en el pa\u00eds<\/strong><\/em><\/p>\n<p>&nbsp;<\/p>\n<p>&nbsp;<\/p>\n<p>Los contagios de Covid-19 han aumentado significativamente durante los \u00faltimos meses en Espa\u00f1a. Seg\u00fan los datos del Sistema de Vigilancia de Infecci\u00f3n Respiratoria Aguda (SiVIRA), el porcentaje de positividad de la enfermedad en el pa\u00eds se encuentra en el 6,5%, es decir, que de 100 pruebas, 7 dan positivo.<\/p>\n<p>Adem\u00e1s, indicaron que la mayor tasa de positividad del coronavirus se registra en personas de entre 45 y 65 a\u00f1os, con un porcentaje del 11,4. Luego, los mayores de 65 a\u00f1os con un 10,8% y en menores de un a\u00f1o con 8,1%.<\/p>\n<p>&nbsp;<\/p>\n<p><strong>Nuevas variantes del Covid-19 en Espa\u00f1a<\/strong><\/p>\n<p>Seg\u00fan informan medios locales, la variante m\u00e1s identificada durante la \u00faltima semana es la JN,1 (81,49) y la BA.2.86 (59,62%). Sin embargo, desde la Comunidad de Madrid mencionan una nueva variante llamada FLiRT, presente en el 4% de las muestras en Espa\u00f1a.<\/p>\n<p>Lo cierto, es que este sublinaje tiene una capacidad de contagio superior a las anteriores. En Estados Unidos, se encuentra circulando desde hace tres meses.<\/p>\n<p>De todos modos, la epidemi\u00f3logo y pediatra, Quique Bassat, le explic\u00f3 al diario 20Minutos que la situaci\u00f3n epidemiol\u00f3gica actual del coronavirus en Espa\u00f1a se encuentra con &#8220;bastante circulaci\u00f3n, bastantes casos, pero poca repercusi\u00f3n cl\u00ednica&#8221;.<\/p>\n<p>Matilde Ca\u00f1elles, inmun\u00f3loga del Consejo Superior de Investigaciones Cient\u00edficas (CSIC ), coincide con esto y sostiene que los casos est\u00e1n subiendo, pero son dif\u00edciles de detectar debido a las pocas pruebas que se realizan.<\/p>\n<p>&nbsp;<\/p>\n<p><strong>S\u00edntomas de la nueva variante del Covid-19 en Espa\u00f1a<\/strong><\/p>\n<p>Con respecto a los s\u00edntomas de esta nueva variante, los Centros de Control de Enfermedades (CDC) indican que se pueden presentar los siguientes:<\/p>\n<ul>\n<li>Fiebre.<\/li>\n<li>Tos.<\/li>\n<li>Congesti\u00f3n.<\/li>\n<li>Secreci\u00f3n nasal.<\/li>\n<li>Dolor de garganta.<\/li>\n<li>Dolor muscular.<\/li>\n<li>Dolor de cabeza.<\/li>\n<li>Escalofr\u00edos.<\/li>\n<li>Problemas respiratorios.<\/li>\n<li>Fatiga.<\/li>\n<li>P\u00e9rdidas de olfato o gusto.<\/li>\n<li>Sensaci\u00f3n de sentirse menos despierto.<\/li>\n<li>S\u00edntomas gastrointestinales.<\/li>\n<\/ul>\n","protected":false},"excerpt":{"rendered":"<p>A pesar de la llegada del calor, el coronavirus contin\u00faa presente en Espa\u00f1a. Cu\u00e1les son las variantes de la enfermedad que predominan en el pa\u00eds &nbsp; &nbsp; Los contagios de Covid-19 han aumentado significativamente durante los \u00faltimos meses en Espa\u00f1a. Seg\u00fan los datos del Sistema de Vigilancia de Infecci\u00f3n Respiratoria Aguda (SiVIRA), el porcentaje de positividad de la enfermedad en el pa\u00eds se encuentra en el 6,5%, es decir, que de 100 pruebas, 7 dan positivo. Adem\u00e1s, indicaron que la mayor tasa de positividad del coronavirus se registra en personas&#8230;<\/p>\n","protected":false},"author":3,"featured_media":69220,"comment_status":"closed","ping_status":"closed","sticky":false,"template":"","format":"standard","meta":[],"categories":[4],"tags":[],"_links":{"self":[{"href":"https:\/\/www.actualidadadiario.com\/index.php\/wp-json\/wp\/v2\/posts\/115451"}],"collection":[{"href":"https:\/\/www.actualidadadiario.com\/index.php\/wp-json\/wp\/v2\/posts"}],"about":[{"href":"https:\/\/www.actualidadadiario.com\/index.php\/wp-json\/wp\/v2\/types\/post"}],"author":[{"embeddable":true,"href":"https:\/\/www.actualidadadiario.com\/index.php\/wp-json\/wp\/v2\/users\/3"}],"replies":[{"embeddable":true,"href":"https:\/\/www.actualidadadiario.com\/index.php\/wp-json\/wp\/v2\/comments?post=115451"}],"version-history":[{"count":1,"href":"https:\/\/www.actualidadadiario.com\/index.php\/wp-json\/wp\/v2\/posts\/115451\/revisions"}],"predecessor-version":[{"id":115452,"href":"https:\/\/www.actualidadadiario.com\/index.php\/wp-json\/wp\/v2\/posts\/115451\/revisions\/115452"}],"wp:featuredmedia":[{"embeddable":true,"href":"https:\/\/www.actualidadadiario.com\/index.php\/wp-json\/wp\/v2\/media\/69220"}],"wp:attachment":[{"href":"https:\/\/www.actualidadadiario.com\/index.php\/wp-json\/wp\/v2\/media?parent=115451"}],"wp:term":[{"taxonomy":"category","embeddable":true,"href":"https:\/\/www.actualidadadiario.com\/index.php\/wp-json\/wp\/v2\/categories?post=115451"},{"taxonomy":"post_tag","embeddable":true,"href":"https:\/\/www.actualidadadiario.com\/index.php\/wp-json\/wp\/v2\/tags?post=115451"}],"curies":[{"name":"wp","href":"https:\/\/api.w.org\/{rel}","templated":true}]}}