{"id":115431,"date":"2024-05-31T12:19:14","date_gmt":"2024-05-31T15:19:14","guid":{"rendered":"https:\/\/www.actualidadadiario.com\/?p=115431"},"modified":"2024-05-31T12:19:14","modified_gmt":"2024-05-31T15:19:14","slug":"dos-findes-largos-muy-cerca-fechas-y-de-cuantos-dias-seran","status":"publish","type":"post","link":"https:\/\/www.actualidadadiario.com\/index.php\/2024\/05\/31\/dos-findes-largos-muy-cerca-fechas-y-de-cuantos-dias-seran\/","title":{"rendered":"Dos findes largos muy cerca: fechas y de cu\u00e1ntos d\u00edas ser\u00e1n"},"content":{"rendered":"<p style=\"text-align: center;\"><em><strong>En el inicio del invierno se genera un per\u00edodo de descanso interesante en la Argentina<\/strong><\/em><\/p>\n<p>&nbsp;<\/p>\n<p>&nbsp;<\/p>\n<p>El calendario de feriados 2024 marca que apenas faltan dos semanas para el pr\u00f3ximo fin de semana largo en la Argentina, que llega en la antesala del invierno y en el que se conmemora el paso a la inmortalidad del General Mart\u00edn Miguel de G\u00fcemes.<\/p>\n<p>El feriado por el fallecimiento de G\u00fcemes cae el lunes 17 de junio, por lo que se suman previamente el domingo 16 y el s\u00e1bado 15 junio para generar un fin de semana largo de tres d\u00edas.<\/p>\n<p>La buena noticia no termina ah\u00ed, debido a que el jueves 20 de junio es el feriado por el Paso a la inmortalidad del General Manuel Belgrano y el viernes 21 de junio -fecha en la que comienza oficialmente el invierno- se declar\u00f3 como puente tur\u00edstico, por lo que en esta ocasi\u00f3n se arma un fin de semana largo de cuatro d\u00edas.<\/p>\n<p>En consecuencia durante junio se vienen dos fines de semana largos consecutivos con siete d\u00edas de descanso y apenas dos laborables en el medio.<\/p>\n<ul>\n<li><strong>S\u00e1bado 15 de junio:<\/strong> descanso laboral<\/li>\n<li><strong>Domingo 16 de junio:<\/strong> descanso laboral<\/li>\n<li><strong>Lunes 17 de junio:<\/strong> feriado trasladable por el homenaje a G\u00fcemes<\/li>\n<li><strong>Jueves 20 de junio:<\/strong> feriado homenaje a Manuel Belgrano (tambi\u00e9n conocido como el D\u00eda de la Bandera)<\/li>\n<li><strong>Viernes 21 de junio:<\/strong> puente tur\u00edstico<\/li>\n<li><strong>S\u00e1bado 22 de junio:<\/strong> descanso laboral<\/li>\n<li><strong>Domingo 23 de junio:<\/strong> descanso laboral<\/li>\n<\/ul>\n<p>&nbsp;<\/p>\n<p><strong>Calendario 2024 en Argentina: feriados inamovibles<\/strong><\/p>\n<ul>\n<li>1 de enero: A\u00f1o Nuevo<\/li>\n<li>12 y 13 de febrero: Carnaval<\/li>\n<li>24 de marzo: D\u00eda Nacional de la Memoria por la Verdad y la Justicia<\/li>\n<li>28 de marzo: Jueves Santo (d\u00eda no laborable)<\/li>\n<li>29 de marzo: Viernes Santo<\/li>\n<li>2 de abril: D\u00eda del Veterano y de los Ca\u00eddos en la Guerra de Malvinas<\/li>\n<li>1 de mayo: D\u00eda del Trabajo<\/li>\n<li>25 de mayo: D\u00eda de la Revoluci\u00f3n de Mayo<\/li>\n<li>20 de junio: Paso a la Inmortalidad del General Don Manuel Belgrano<\/li>\n<li>9 de julio: D\u00eda de la Independencia<\/li>\n<li>8 de diciembre: D\u00eda de la Inmaculada Concepci\u00f3n de Mar\u00eda<\/li>\n<li>25 de diciembre: Navidad<\/li>\n<\/ul>\n<p>&nbsp;<\/p>\n<p><strong>Calendario 2024 en Argentina: feriados trasladables<\/strong><\/p>\n<ul>\n<li>17 de junio: Paso a la Inmortalidad del General Don Mart\u00edn Miguel de G\u00fcemes<\/li>\n<li>17 de agosto: Paso a la Inmortalidad del General Don Jos\u00e9 de San Mart\u00edn<\/li>\n<li>12 de octubre: D\u00eda del Respeto a la Diversidad Cultural<\/li>\n<li>20 de noviembre: D\u00eda de la Soberan\u00eda Nacional<\/li>\n<\/ul>\n<p>&nbsp;<\/p>\n<p><strong>Los fines de semana largos de 2024 en Argentina<\/strong><\/p>\n<p>&nbsp;<\/p>\n<ul>\n<li>Desde el 30 de diciembre de 2023 al 1 de enero de 2024: fin de semana largo de 3 d\u00edas.<\/li>\n<li>Desde el 10 de febrero al 13 de febrero: fin de semana largo de 4 d\u00edas.<\/li>\n<li>Desde el 28 de marzo al 2 de abril: fin de semana largo de 6 d\u00edas.<\/li>\n<li>Desde el 15 de junio al 17 de junio: fin de semana largo de 3 d\u00edas.<\/li>\n<li>Desde el 20 de junio hasta el 23 de junio: fin de semana largo de cuatro d\u00edas<\/li>\n<li>Desde el 16 de noviembre al 18 de noviembre: fin de semana largo de 3 d\u00edas.<\/li>\n<\/ul>\n","protected":false},"excerpt":{"rendered":"<p>En el inicio del invierno se genera un per\u00edodo de descanso interesante en la Argentina &nbsp; &nbsp; El calendario de feriados 2024 marca que apenas faltan dos semanas para el pr\u00f3ximo fin de semana largo en la Argentina, que llega en la antesala del invierno y en el que se conmemora el paso a la inmortalidad del General Mart\u00edn Miguel de G\u00fcemes. El feriado por el fallecimiento de G\u00fcemes cae el lunes 17 de junio, por lo que se suman previamente el domingo 16 y el s\u00e1bado 15 junio para&#8230;<\/p>\n","protected":false},"author":3,"featured_media":114873,"comment_status":"closed","ping_status":"closed","sticky":false,"template":"","format":"standard","meta":[],"categories":[2],"tags":[],"_links":{"self":[{"href":"https:\/\/www.actualidadadiario.com\/index.php\/wp-json\/wp\/v2\/posts\/115431"}],"collection":[{"href":"https:\/\/www.actualidadadiario.com\/index.php\/wp-json\/wp\/v2\/posts"}],"about":[{"href":"https:\/\/www.actualidadadiario.com\/index.php\/wp-json\/wp\/v2\/types\/post"}],"author":[{"embeddable":true,"href":"https:\/\/www.actualidadadiario.com\/index.php\/wp-json\/wp\/v2\/users\/3"}],"replies":[{"embeddable":true,"href":"https:\/\/www.actualidadadiario.com\/index.php\/wp-json\/wp\/v2\/comments?post=115431"}],"version-history":[{"count":1,"href":"https:\/\/www.actualidadadiario.com\/index.php\/wp-json\/wp\/v2\/posts\/115431\/revisions"}],"predecessor-version":[{"id":115432,"href":"https:\/\/www.actualidadadiario.com\/index.php\/wp-json\/wp\/v2\/posts\/115431\/revisions\/115432"}],"wp:featuredmedia":[{"embeddable":true,"href":"https:\/\/www.actualidadadiario.com\/index.php\/wp-json\/wp\/v2\/media\/114873"}],"wp:attachment":[{"href":"https:\/\/www.actualidadadiario.com\/index.php\/wp-json\/wp\/v2\/media?parent=115431"}],"wp:term":[{"taxonomy":"category","embeddable":true,"href":"https:\/\/www.actualidadadiario.com\/index.php\/wp-json\/wp\/v2\/categories?post=115431"},{"taxonomy":"post_tag","embeddable":true,"href":"https:\/\/www.actualidadadiario.com\/index.php\/wp-json\/wp\/v2\/tags?post=115431"}],"curies":[{"name":"wp","href":"https:\/\/api.w.org\/{rel}","templated":true}]}}