{"id":115427,"date":"2024-05-31T12:17:32","date_gmt":"2024-05-31T15:17:32","guid":{"rendered":"https:\/\/www.actualidadadiario.com\/?p=115427"},"modified":"2024-05-31T12:17:32","modified_gmt":"2024-05-31T15:17:32","slug":"movilidad-jubilatoria-diputados-realiza-una-sesion-especial-para-debatir-la-nueva-formula","status":"publish","type":"post","link":"https:\/\/www.actualidadadiario.com\/index.php\/2024\/05\/31\/movilidad-jubilatoria-diputados-realiza-una-sesion-especial-para-debatir-la-nueva-formula\/","title":{"rendered":"Movilidad jubilatoria: Diputados realiza una sesi\u00f3n especial para debatir la nueva f\u00f3rmula"},"content":{"rendered":"<p style=\"text-align: center;\"><em><strong>Finalmente se formaliz\u00f3 la convocatoria de la UCR para discutir los proyectos que buscan reemplazar la f\u00f3rmula de movilidad jubilatoria vigente atada a la inflaci\u00f3n, que fue dispuesta por el presidente Javier Milei mediante un Decreto<\/strong><\/em><\/p>\n<p>&nbsp;<\/p>\n<p>&nbsp;<\/p>\n<p>La C\u00e1mara de Diputados llam\u00f3 a sesi\u00f3n especial el pr\u00f3ximo martes 4 de junio para tratar proyectos de modificaci\u00f3n del r\u00e9gimen jubilatorio y reemplazar la f\u00f3rmula de movilidad jubilatoria que el Gobierno implement\u00f3 por decreto.<\/p>\n<p>El pedido impulsado por el diputado radical Rodrigo De Loredo, se realiz\u00f3 el 15 de mayo pero se oficializ\u00f3 este jueves. Tambi\u00e9n convoc\u00f3 a una sesi\u00f3n el bloque de Uni\u00f3n por la Patria para, adem\u00e1s de tratar la modificaci\u00f3n del r\u00e9gimen jubilatorio, discutir la ley de financiamiento de universidades y el Fondo Nacional de Incentivo Docente.<\/p>\n<p>La actual normativa implementada por DNU de Javier Milei estableci\u00f3 un incremento \u00fanico del 12,5% junto a aumentos mensuales atados al \u00cdndice de Precios al Consumidor Nacional (IPC) publicado por el Indec, con una f\u00f3rmula que reconoce la inflaci\u00f3n dos meses anteriores: el \u00edndice de mayo repercutir\u00e1 en los ingresos de julio y los de junio en agosto.<\/p>\n<p>La mayor\u00eda de los dict\u00e1menes combinan el \u00cdndice de Precios al Consumidor (IPC) y la Remuneraci\u00f3n Imponible Promedio de los Trabajadores Estables (RIPTE). El dictamen de mayor\u00eda es de Uni\u00f3n por la Patria, con 33 firmas, y propone una recomposici\u00f3n del 20,6%. Otro dictamen fue impulsado por Hacemos Coalici\u00f3n Federal, UCR, Coalici\u00f3n C\u00edvica e Innovaci\u00f3n, que reuni\u00f3 19 firmas. La f\u00f3rmula est\u00e1 armada en base al \u00edndice de inflaci\u00f3n, con un adicional semestral en base a la diferencia entre el los \u00edndices de salarios e inflaci\u00f3n. Si los salarios le ganen a la inflaci\u00f3n, se pagar\u00e1 el 50% de esta diferencia.<\/p>\n<p>La Libertad Avanza firm\u00f3 un dictamen que ratifica el DNU 274\/24 del Ejecutivo. Por su parte, el PRO contempla una actualizaci\u00f3n por IPC, pero le suma un adicional anual del 30% entre la variaci\u00f3n de la inflaci\u00f3n y el promedio de salarios.<\/p>\n<p>En la Comisi\u00f3n de Presupuesto y Hacienda, la presidenta de la Comisi\u00f3n de Previsi\u00f3n y Seguridad Social, Gabriela Brouwer De K\u00f6ning (UCR), hab\u00eda admitido que \u201cel sistema previsional necesita correcciones que no deben influir en el poder de compra de los jubilados\u201d. Por su parte, el diputado nacional de Hacemos Coalici\u00f3n Federal Nicol\u00e1s Massot apel\u00f3 a \u201cque ser\u00eda muy valioso que estemos todos de acuerdo en la necesidad de plantear todos los debates con correspondencia fiscal m\u00e1s all\u00e1 de la ideolog\u00eda pol\u00edtica\u201d.<\/p>\n<p>&nbsp;<\/p>\n<p><strong>Cu\u00e1l es la f\u00f3rmula de movilidad que aplica el Gobierno actualmente<\/strong><\/p>\n<p>A trav\u00e9s del Decreto 274\/2024, el Gobierno suspendi\u00f3 la ley de movilidad jubilatoria votada durante la presidencia de Alberto Fern\u00e1ndez y estableci\u00f3 una actualizaci\u00f3n que se har\u00e1 mensualmente de acuerdo a la inflaci\u00f3n publicada por el INDEC. De acuerdo al DNU, en ning\u00fan caso la aplicaci\u00f3n de dicho \u00edndice podr\u00e1 producir la disminuci\u00f3n del haber que percibe el beneficiario.<\/p>\n<p>Si bien el decreto establece que esta f\u00f3rmula entra en vigencia a partir del mes de julio de 2024, el Gobierno ya empez\u00f3 a aplicarla en mayo y junio.<\/p>\n","protected":false},"excerpt":{"rendered":"<p>Finalmente se formaliz\u00f3 la convocatoria de la UCR para discutir los proyectos que buscan reemplazar la f\u00f3rmula de movilidad jubilatoria vigente atada a la inflaci\u00f3n, que fue dispuesta por el presidente Javier Milei mediante un Decreto &nbsp; &nbsp; La C\u00e1mara de Diputados llam\u00f3 a sesi\u00f3n especial el pr\u00f3ximo martes 4 de junio para tratar proyectos de modificaci\u00f3n del r\u00e9gimen jubilatorio y reemplazar la f\u00f3rmula de movilidad jubilatoria que el Gobierno implement\u00f3 por decreto. El pedido impulsado por el diputado radical Rodrigo De Loredo, se realiz\u00f3 el 15 de mayo pero&#8230;<\/p>\n","protected":false},"author":3,"featured_media":113531,"comment_status":"closed","ping_status":"closed","sticky":false,"template":"","format":"standard","meta":[],"categories":[18],"tags":[],"_links":{"self":[{"href":"https:\/\/www.actualidadadiario.com\/index.php\/wp-json\/wp\/v2\/posts\/115427"}],"collection":[{"href":"https:\/\/www.actualidadadiario.com\/index.php\/wp-json\/wp\/v2\/posts"}],"about":[{"href":"https:\/\/www.actualidadadiario.com\/index.php\/wp-json\/wp\/v2\/types\/post"}],"author":[{"embeddable":true,"href":"https:\/\/www.actualidadadiario.com\/index.php\/wp-json\/wp\/v2\/users\/3"}],"replies":[{"embeddable":true,"href":"https:\/\/www.actualidadadiario.com\/index.php\/wp-json\/wp\/v2\/comments?post=115427"}],"version-history":[{"count":1,"href":"https:\/\/www.actualidadadiario.com\/index.php\/wp-json\/wp\/v2\/posts\/115427\/revisions"}],"predecessor-version":[{"id":115428,"href":"https:\/\/www.actualidadadiario.com\/index.php\/wp-json\/wp\/v2\/posts\/115427\/revisions\/115428"}],"wp:featuredmedia":[{"embeddable":true,"href":"https:\/\/www.actualidadadiario.com\/index.php\/wp-json\/wp\/v2\/media\/113531"}],"wp:attachment":[{"href":"https:\/\/www.actualidadadiario.com\/index.php\/wp-json\/wp\/v2\/media?parent=115427"}],"wp:term":[{"taxonomy":"category","embeddable":true,"href":"https:\/\/www.actualidadadiario.com\/index.php\/wp-json\/wp\/v2\/categories?post=115427"},{"taxonomy":"post_tag","embeddable":true,"href":"https:\/\/www.actualidadadiario.com\/index.php\/wp-json\/wp\/v2\/tags?post=115427"}],"curies":[{"name":"wp","href":"https:\/\/api.w.org\/{rel}","templated":true}]}}