{"id":115424,"date":"2024-05-31T12:16:52","date_gmt":"2024-05-31T15:16:52","guid":{"rendered":"https:\/\/www.actualidadadiario.com\/?p=115424"},"modified":"2024-05-31T12:16:52","modified_gmt":"2024-05-31T15:16:52","slug":"por-fin-su-primer-viaje-oficial-milei-se-reunira-con-macron-en-paris","status":"publish","type":"post","link":"https:\/\/www.actualidadadiario.com\/index.php\/2024\/05\/31\/por-fin-su-primer-viaje-oficial-milei-se-reunira-con-macron-en-paris\/","title":{"rendered":"Por fin su primer viaje oficial: Milei se reunir\u00e1 con Macron en Par\u00eds"},"content":{"rendered":"<p style=\"text-align: center;\"><em><strong>Milei busca aprovechar su supuesta popularidad internacional para fortalecer la posici\u00f3n del pa\u00eds en espacios multilaterales como la OCDE y la OTAN. No obstante, la pregunta es d\u00f3nde est\u00e1n las inversiones<\/strong><\/em><\/p>\n<p>&nbsp;<\/p>\n<p>&nbsp;<\/p>\n<p>El presidente Javier Milei emprender\u00e1 su primera visita oficial a un l\u00edder europeo al viajar a Francia para sostener un encuentro bilateral con su par franc\u00e9s Emmanuel Macron. Esta reuni\u00f3n, programada para el 19 de junio, constituir\u00e1 un momento crucial en la agenda de pol\u00edtica exterior del Jefe de Estado argentino, abordando asuntos de gran relevancia tanto para Argentina como para el panorama internacional.<\/p>\n<p>El embajador argentino en Francia, Ian Sielecki, figura clave en el establecimiento de este encuentro, ha desempe\u00f1ado un papel fundamental en la diplomacia entre ambas naciones. Su estrecha relaci\u00f3n con Macron y su c\u00edrculo \u00edntimo ha allanado el camino para esta hist\u00f3rica reuni\u00f3n.<\/p>\n<p>El presidente Milei tiene ante s\u00ed una agenda de discusi\u00f3n que abarcar\u00e1 varios temas fundamentales. Desde el Acuerdo Mercosur &#8211; Uni\u00f3n Europea hasta el ingreso de Argentina a la Organizaci\u00f3n para la Cooperaci\u00f3n y el Desarrollo Econ\u00f3micos (OCDE), se espera que estas conversaciones impulsen la cooperaci\u00f3n econ\u00f3mica y pol\u00edtica entre ambas naciones.<\/p>\n<p>La coincidencia de esta reuni\u00f3n con eventos clave en Europa, como las elecciones para renovar el Parlamento Europeo, agrega un elemento adicional de importancia estrat\u00e9gica. Macron, enfrentando una contienda pol\u00edtica interna, podr\u00eda tener repercusiones significativas en el panorama pol\u00edtico europeo y, por ende, en la relaci\u00f3n con Argentina.<\/p>\n<p>En el frente econ\u00f3mico, Argentina busca equilibrar su comercio con Francia, promoviendo tanto exportaciones como inversiones en sectores clave como la infraestructura, la industria manufacturera y la energ\u00eda. La diversificaci\u00f3n de la cartera de exportaciones argentinas y la atracci\u00f3n de inversiones extranjeras son objetivos primordiales en la agenda del presidente Milei.<\/p>\n","protected":false},"excerpt":{"rendered":"<p>Milei busca aprovechar su supuesta popularidad internacional para fortalecer la posici\u00f3n del pa\u00eds en espacios multilaterales como la OCDE y la OTAN. No obstante, la pregunta es d\u00f3nde est\u00e1n las inversiones &nbsp; &nbsp; El presidente Javier Milei emprender\u00e1 su primera visita oficial a un l\u00edder europeo al viajar a Francia para sostener un encuentro bilateral con su par franc\u00e9s Emmanuel Macron. Esta reuni\u00f3n, programada para el 19 de junio, constituir\u00e1 un momento crucial en la agenda de pol\u00edtica exterior del Jefe de Estado argentino, abordando asuntos de gran relevancia tanto&#8230;<\/p>\n","protected":false},"author":3,"featured_media":115425,"comment_status":"closed","ping_status":"closed","sticky":false,"template":"","format":"standard","meta":[],"categories":[18],"tags":[],"_links":{"self":[{"href":"https:\/\/www.actualidadadiario.com\/index.php\/wp-json\/wp\/v2\/posts\/115424"}],"collection":[{"href":"https:\/\/www.actualidadadiario.com\/index.php\/wp-json\/wp\/v2\/posts"}],"about":[{"href":"https:\/\/www.actualidadadiario.com\/index.php\/wp-json\/wp\/v2\/types\/post"}],"author":[{"embeddable":true,"href":"https:\/\/www.actualidadadiario.com\/index.php\/wp-json\/wp\/v2\/users\/3"}],"replies":[{"embeddable":true,"href":"https:\/\/www.actualidadadiario.com\/index.php\/wp-json\/wp\/v2\/comments?post=115424"}],"version-history":[{"count":1,"href":"https:\/\/www.actualidadadiario.com\/index.php\/wp-json\/wp\/v2\/posts\/115424\/revisions"}],"predecessor-version":[{"id":115426,"href":"https:\/\/www.actualidadadiario.com\/index.php\/wp-json\/wp\/v2\/posts\/115424\/revisions\/115426"}],"wp:featuredmedia":[{"embeddable":true,"href":"https:\/\/www.actualidadadiario.com\/index.php\/wp-json\/wp\/v2\/media\/115425"}],"wp:attachment":[{"href":"https:\/\/www.actualidadadiario.com\/index.php\/wp-json\/wp\/v2\/media?parent=115424"}],"wp:term":[{"taxonomy":"category","embeddable":true,"href":"https:\/\/www.actualidadadiario.com\/index.php\/wp-json\/wp\/v2\/categories?post=115424"},{"taxonomy":"post_tag","embeddable":true,"href":"https:\/\/www.actualidadadiario.com\/index.php\/wp-json\/wp\/v2\/tags?post=115424"}],"curies":[{"name":"wp","href":"https:\/\/api.w.org\/{rel}","templated":true}]}}