{"id":115421,"date":"2024-05-31T12:15:46","date_gmt":"2024-05-31T15:15:46","guid":{"rendered":"https:\/\/www.actualidadadiario.com\/?p=115421"},"modified":"2024-05-31T12:15:46","modified_gmt":"2024-05-31T15:15:46","slug":"milei-elogia-a-pettovello-en-pleno-escandalo-por-los-alimentos-retenidos-y-a-punto-de-vencer","status":"publish","type":"post","link":"https:\/\/www.actualidadadiario.com\/index.php\/2024\/05\/31\/milei-elogia-a-pettovello-en-pleno-escandalo-por-los-alimentos-retenidos-y-a-punto-de-vencer\/","title":{"rendered":"Milei elogia a Pettovello en pleno esc\u00e1ndalo por los alimentos retenidos y a punto de vencer"},"content":{"rendered":"<p style=\"text-align: center;\"><em><strong>A trav\u00e9s de un comunicado el Ministerio de Capital Humano inform\u00f3 que hizo una auditor\u00eda sobre los 5 millones de kilos en alimentos retenidos en galpones, que se negaban a entregar. La comida llegar\u00e1 a trav\u00e9s del Ej\u00e9rcito<\/strong><\/em><\/p>\n<p>&nbsp;<\/p>\n<p>&nbsp;<\/p>\n<p>El Ministerio de Capital Humano finalmente asumi\u00f3 sus errores, tras d\u00edas de justificaciones vagas, y anunci\u00f3 que entregar\u00e1 la comida almacenada a trav\u00e9s del Ej\u00e9rcito. La cartera que dirige Sandra Pettovello dio a conocer que llev\u00f3 a cabo una auditor\u00eda en la que corrobor\u00f3 el estado y fechas de vencimiento de los productos y apunt\u00f3 la responsabilidad contra el secretario de Ni\u00f1ez, Adolescencia y Familia, Pablo de la Torre. En ese marco, el presidente Javier Milei, sali\u00f3 a respaldar a la titular de la megacartera pese al enorme esc\u00e1ndalo que la rodea.<\/p>\n<p>&#8220;Ha decidido limitar las competencias de los funcionarios y empleados responsables que, por mal desempe\u00f1o de sus tareas, no han realizado un control permanente de stock y de vencimiento de mercader\u00eda&#8221;, dijeron, en un mensaje indirecto hacia Pablo de la Torre. Hasta el momento, la cartera a cargo de Sandra Pettovello, se hab\u00eda limitado a apelar la decisi\u00f3n de la justicia federal, que le dio un plazo de 48 horas para delinear un plan de entrega de los alimentos para entregar a comedores y merenderos afectados en medio de la crisis econ\u00f3mica.<\/p>\n<p>\u201cSe realizar\u00e1n las investigaciones administrativas correspondientes, asimismo, se pone en marcha un protocolo para la entrega inmediata de los alimentos de pr\u00f3ximo vencimiento por medio del Ej\u00e9rcito Argentino para garantizar una log\u00edstica r\u00e1pida y eficiente\u201d, dice, tambi\u00e9n el comunicado del ministerio que acopi\u00f3 durante seis meses la comida que le neg\u00f3 -y niega- a merenderos y comedores barriales que hay a lo largo y ancho de todo el pa\u00eds.<\/p>\n<p>Ahora, el ministerio a cargo de Pettovello, apunt\u00f3 la responsabilidad al secretario de Estado De la Torre, supuestamente a cargo de informar sobre las fechas de vencimiento de la comida que decidieron retener durante seis meses en galpones ubicados en Villa Martelli, provincia de Buenos Aires; y en Taf\u00ed del Valle, Tucum\u00e1n.<\/p>\n<p>Desde que se dio a conocer la informaci\u00f3n, fueron varias las excusas que expuso el Gobierno ultraderechista de Javier Milei, que desde que asumi\u00f3 comenz\u00f3 una fuerte campa\u00f1a de criminalizaci\u00f3n contra referentes pol\u00edticos y comedores por considerarlos &#8220;truchos&#8221;. Cuando se dio a conocer la informaci\u00f3n sobre la comida retenida el vocero presidencial, Manuel Adorni, dijo que estaban dispuestos para &#8220;cat\u00e1strofes&#8221; y &#8220;emergencias&#8221;, pese a que hubo situaciones as\u00ed que lo habr\u00eda ameritado y los alimentos no fueron entregados.<\/p>\n<p>Ahora, en medio de la revelaci\u00f3n de informaci\u00f3n que agrega que la enorme cantidad de alimentos retenidos por el gobierno est\u00e1n a punto de vencerse, sumado a la gran crisis de autoridades dentro del ministerio que comanda Petovello; el presidente de la Naci\u00f3n llen\u00f3 de elogios a la titular de la cartera de Capital Humano.<\/p>\n<p>&nbsp;<\/p>\n<p><strong>Denuncias<\/strong><\/p>\n<p>En otro orden, el pedido de acceso a la informaci\u00f3n que revel\u00f3 las toneladas de comida retenidas por el Gobierno derivaron en, al menos, dos denuncias judiciales. Una de ellas es una denuncia a cargo de Grabois que recay\u00f3 en el despacho del juez federal Sebasti\u00e1n Casanello, que el lunes de esta semana dio un plazo de 72 horas para que el Ejecutivo entregue un detalle de los alimentos retenidos y proceda &#8220;de inmediato&#8221; a su distribuci\u00f3n.<\/p>\n<p>El magistrado apoy\u00f3 su fallo en las estad\u00edsticas que sit\u00faan a m\u00e1s de la mitad de la poblaci\u00f3n en la pobreza. &#8220;De cara a ese colectivo que sufre de modo acuciante inseguridad alimentaria y sobre quien pesa el costo de la par\u00e1lisis denunciada, aparece la necesidad de la adopci\u00f3n urgente de una acci\u00f3n positiva&#8221;, sostuvo.<\/p>\n<p>Como si fuera poco, el Gobierno nacional apel\u00f3 con un escrito rubricado por la subsecretaria legal del ministerio de Capital Humano, Leila Gianni, quien se mostraba identificada con el peronismo hasta hace poco tiempo. Entre varios argumentos que dieron, dijeron que la decisi\u00f3n de entregar los alimentos es una decisi\u00f3n pol\u00edtica del gobierno de Milei y por lo tanto no es &#8220;judiciable&#8221; y dijeron que se trata de paquetes de yerba mate por lo que no se est\u00e1 afectando la disputa jur\u00eddica que hay en esta causa, esto es, la cuesti\u00f3n humanitaria.<\/p>\n<p>Por otro lado, el mismo lunes se abri\u00f3 una causa colectiva contra los funcionarios de Capital humano. El juez en lo contencioso administrativo federal Walter Lara Correa inici\u00f3 un proceso colectivo contra el Gobierno nacional y abri\u00f3 un per\u00edodo para convocar a personas, asociaciones u organizaciones \u201cque pudieran tener un inter\u00e9s en el resultado del litigio\u201d y le pidi\u00f3 al Poder Ejecutivo que informe sobre la ejecuci\u00f3n de los programas de alimentos. As\u00ed lo resolvi\u00f3 el magistrado en un fallo que dict\u00f3 y que corre en paralelo a la causa penal que tramita el juez federal Casanello.<\/p>\n","protected":false},"excerpt":{"rendered":"<p>A trav\u00e9s de un comunicado el Ministerio de Capital Humano inform\u00f3 que hizo una auditor\u00eda sobre los 5 millones de kilos en alimentos retenidos en galpones, que se negaban a entregar. La comida llegar\u00e1 a trav\u00e9s del Ej\u00e9rcito &nbsp; &nbsp; El Ministerio de Capital Humano finalmente asumi\u00f3 sus errores, tras d\u00edas de justificaciones vagas, y anunci\u00f3 que entregar\u00e1 la comida almacenada a trav\u00e9s del Ej\u00e9rcito. La cartera que dirige Sandra Pettovello dio a conocer que llev\u00f3 a cabo una auditor\u00eda en la que corrobor\u00f3 el estado y fechas de vencimiento&#8230;<\/p>\n","protected":false},"author":3,"featured_media":115422,"comment_status":"closed","ping_status":"closed","sticky":false,"template":"","format":"standard","meta":[],"categories":[18],"tags":[],"_links":{"self":[{"href":"https:\/\/www.actualidadadiario.com\/index.php\/wp-json\/wp\/v2\/posts\/115421"}],"collection":[{"href":"https:\/\/www.actualidadadiario.com\/index.php\/wp-json\/wp\/v2\/posts"}],"about":[{"href":"https:\/\/www.actualidadadiario.com\/index.php\/wp-json\/wp\/v2\/types\/post"}],"author":[{"embeddable":true,"href":"https:\/\/www.actualidadadiario.com\/index.php\/wp-json\/wp\/v2\/users\/3"}],"replies":[{"embeddable":true,"href":"https:\/\/www.actualidadadiario.com\/index.php\/wp-json\/wp\/v2\/comments?post=115421"}],"version-history":[{"count":1,"href":"https:\/\/www.actualidadadiario.com\/index.php\/wp-json\/wp\/v2\/posts\/115421\/revisions"}],"predecessor-version":[{"id":115423,"href":"https:\/\/www.actualidadadiario.com\/index.php\/wp-json\/wp\/v2\/posts\/115421\/revisions\/115423"}],"wp:featuredmedia":[{"embeddable":true,"href":"https:\/\/www.actualidadadiario.com\/index.php\/wp-json\/wp\/v2\/media\/115422"}],"wp:attachment":[{"href":"https:\/\/www.actualidadadiario.com\/index.php\/wp-json\/wp\/v2\/media?parent=115421"}],"wp:term":[{"taxonomy":"category","embeddable":true,"href":"https:\/\/www.actualidadadiario.com\/index.php\/wp-json\/wp\/v2\/categories?post=115421"},{"taxonomy":"post_tag","embeddable":true,"href":"https:\/\/www.actualidadadiario.com\/index.php\/wp-json\/wp\/v2\/tags?post=115421"}],"curies":[{"name":"wp","href":"https:\/\/api.w.org\/{rel}","templated":true}]}}