{"id":115418,"date":"2024-05-31T12:14:41","date_gmt":"2024-05-31T15:14:41","guid":{"rendered":"https:\/\/www.actualidadadiario.com\/?p=115418"},"modified":"2024-05-31T12:14:41","modified_gmt":"2024-05-31T15:14:41","slug":"milei-viaja-a-el-salvador-para-asistir-a-la-asuncion-de-bukele-a-su-segundo-mandato-y-despues-regresara-a-la-argentina","status":"publish","type":"post","link":"https:\/\/www.actualidadadiario.com\/index.php\/2024\/05\/31\/milei-viaja-a-el-salvador-para-asistir-a-la-asuncion-de-bukele-a-su-segundo-mandato-y-despues-regresara-a-la-argentina\/","title":{"rendered":"Milei viaja a El Salvador para asistir a la asunci\u00f3n de Bukele a su segundo mandato y despu\u00e9s regresar\u00e1 a la Argentina"},"content":{"rendered":"<p style=\"text-align: center;\"><em><strong>El Presidente cerr\u00f3 su visita de tres d\u00edas a la ciudad estadounidense de San Francisco, en la que se reuni\u00f3 con destacados l\u00edderes del mundo tecnol\u00f3gicos, como Mark Zuckerberg o Timothy Cook<\/strong><\/em><\/p>\n<p>&nbsp;<\/p>\n<p>&nbsp;<\/p>\n<p>&nbsp;<\/p>\n<p>El presidente Javier Milei emprender\u00e1 esta tarde el regreso a la Argentina tras una visita de tres d\u00edas por la ciudad estadounidense de San Francisco, aunque antes har\u00e1 una escala en El Salvador para asistir a la asunci\u00f3n de su par local, Nayib Bukele, a su segundo mandato.<\/p>\n<p>Seg\u00fan inform\u00f3 el Gobierno, el avi\u00f3n oficial ARG 01 partir\u00e1 desde Estados Unidos a las 18 (hora argentina) y se dirigir\u00e1 directo hacia el pa\u00eds centroamericano.<\/p>\n<p>Una vez arribado a la ciudad de San Salvador, el l\u00edder libertario formar\u00e1 parte del acto en que Bukele comenzar\u00e1 su segundo mandato como presidente de El Salvador.<\/p>\n<p>Luego de participar de la ceremonia, el jefe de Estado y su comitiva volver\u00e1n a subirse al ARG 01 para regresar a la Argentina.<\/p>\n","protected":false},"excerpt":{"rendered":"<p>El Presidente cerr\u00f3 su visita de tres d\u00edas a la ciudad estadounidense de San Francisco, en la que se reuni\u00f3 con destacados l\u00edderes del mundo tecnol\u00f3gicos, como Mark Zuckerberg o Timothy Cook &nbsp; &nbsp; &nbsp; El presidente Javier Milei emprender\u00e1 esta tarde el regreso a la Argentina tras una visita de tres d\u00edas por la ciudad estadounidense de San Francisco, aunque antes har\u00e1 una escala en El Salvador para asistir a la asunci\u00f3n de su par local, Nayib Bukele, a su segundo mandato. Seg\u00fan inform\u00f3 el Gobierno, el avi\u00f3n oficial&#8230;<\/p>\n","protected":false},"author":3,"featured_media":115419,"comment_status":"closed","ping_status":"closed","sticky":false,"template":"","format":"standard","meta":[],"categories":[18],"tags":[],"_links":{"self":[{"href":"https:\/\/www.actualidadadiario.com\/index.php\/wp-json\/wp\/v2\/posts\/115418"}],"collection":[{"href":"https:\/\/www.actualidadadiario.com\/index.php\/wp-json\/wp\/v2\/posts"}],"about":[{"href":"https:\/\/www.actualidadadiario.com\/index.php\/wp-json\/wp\/v2\/types\/post"}],"author":[{"embeddable":true,"href":"https:\/\/www.actualidadadiario.com\/index.php\/wp-json\/wp\/v2\/users\/3"}],"replies":[{"embeddable":true,"href":"https:\/\/www.actualidadadiario.com\/index.php\/wp-json\/wp\/v2\/comments?post=115418"}],"version-history":[{"count":1,"href":"https:\/\/www.actualidadadiario.com\/index.php\/wp-json\/wp\/v2\/posts\/115418\/revisions"}],"predecessor-version":[{"id":115420,"href":"https:\/\/www.actualidadadiario.com\/index.php\/wp-json\/wp\/v2\/posts\/115418\/revisions\/115420"}],"wp:featuredmedia":[{"embeddable":true,"href":"https:\/\/www.actualidadadiario.com\/index.php\/wp-json\/wp\/v2\/media\/115419"}],"wp:attachment":[{"href":"https:\/\/www.actualidadadiario.com\/index.php\/wp-json\/wp\/v2\/media?parent=115418"}],"wp:term":[{"taxonomy":"category","embeddable":true,"href":"https:\/\/www.actualidadadiario.com\/index.php\/wp-json\/wp\/v2\/categories?post=115418"},{"taxonomy":"post_tag","embeddable":true,"href":"https:\/\/www.actualidadadiario.com\/index.php\/wp-json\/wp\/v2\/tags?post=115418"}],"curies":[{"name":"wp","href":"https:\/\/api.w.org\/{rel}","templated":true}]}}