{"id":115415,"date":"2024-05-31T12:13:32","date_gmt":"2024-05-31T15:13:32","guid":{"rendered":"https:\/\/www.actualidadadiario.com\/?p=115415"},"modified":"2024-05-31T12:13:32","modified_gmt":"2024-05-31T15:13:32","slug":"en-medio-del-escandalo-por-los-alimentos-capital-humano-firmo-un-acuerdo-por-mas-de-1000-millones-con-un-organismo-internacional-para-contratar-funcionarios","status":"publish","type":"post","link":"https:\/\/www.actualidadadiario.com\/index.php\/2024\/05\/31\/en-medio-del-escandalo-por-los-alimentos-capital-humano-firmo-un-acuerdo-por-mas-de-1000-millones-con-un-organismo-internacional-para-contratar-funcionarios\/","title":{"rendered":"En medio del esc\u00e1ndalo por los alimentos, Capital Humano firm\u00f3 un acuerdo por m\u00e1s de $1000 millones con un organismo internacional para contratar funcionarios"},"content":{"rendered":"<p style=\"text-align: center;\"><em><strong>El acuerdo de la cartera liderada por Sandra Pettovello con la Organizaci\u00f3n de Estados Iberoamericana le permite a la ministra evadir un decreto de la gesti\u00f3n anterior, que proh\u00edbe aumentar la planta, y contratar m\u00e1s empleados p\u00fablicos de manera terciarizada<\/strong><\/em><\/p>\n<p>&nbsp;<\/p>\n<p>&nbsp;<\/p>\n<p>En medio del esc\u00e1ndalo por la retenci\u00f3n de alimentos que encontr\u00f3 a su chivo expiatorio en Pablo de la Torre, se conoci\u00f3 que el Ministerio de Capital Humano, liderado por Sandra Pettovello, fondea a un organismo internacional para que \u00e9ste, y no el Estado, contrate de manera temporal a un amplio grupo de funcionarios en la cartera. As\u00ed, con trabajadores en negro se elude la cl\u00e1usula que impide aumentar la planta de empleados<\/p>\n<p>La alianza con la Organizaci\u00f3n de Estados Iberoamericana (OEI), habilita al organismo a realizar contrataciones de profesionales externos para proyectos puntuales. El secretario de Ni\u00f1ez, Adolescencia y Familia, Pablo de la Torre, -que fue separado de su cargo por &#8220;no haber notificado de la fecha de vencimiento de los productos&#8221;- habilit\u00f3 un nuevo desembolso de $645 millones, que se suma a los $395 millones que ya le fueron girados al organismo a fines de enero,\u00a0 seg\u00fan consign\u00f3 La Naci\u00f3n.<\/p>\n<p>Si bien se supone que el Estado no incurre en ninguna irregularidad al contratar a un tercero a trav\u00e9s de un convenio macro de cooperaci\u00f3n con un organismo, lo pol\u00e9mico recae en que\u00a0 muchos de estos \u201cterceros\u201d\u00a0 son los propios trabajadores del Ministerio. Como consign\u00f3 el periodista Federico Gonz\u00e1lez del Solar, la OEI se convierte en el \u201cadministrador\u201d de los recursos que le transfiere el Estado y en el empleador de los funcionarios quienes, en realidad, deber\u00eda ser contratados por el Ministerio. Por esa gestor\u00eda, la OEI cobra un 5%.<\/p>\n<p>En s\u00ed, el sistema de contrataci\u00f3n surge como una alternativa en negro a otro tipo de contrataciones temporales del Estado, como los denominados contratos 1109 o los contratos de locaci\u00f3n, conocidos como contratos 778. A diferencia de estos \u00faltimos, en los cuales el empleador es el Estado, la informaci\u00f3n del v\u00ednculo laboral queda resguardada en el organismo que se limita evaluar que el perfil del profesional se alinee con la tarea a desarrollar.<\/p>\n<p>Adem\u00e1s, el mecanismo permite sortear el decreto de la exministra de Econom\u00eda, Silvina Batakis, que impide sumar nuevos funcionarios a la Administraci\u00f3n P\u00fablica por debajo de las direcciones generales.<\/p>\n<p>En medio de la discusi\u00f3n por atrasos salariales, el secretario general de ATE de la Secretar\u00eda de Cultura, Nicol\u00e1s Rodr\u00edguez Sa\u00e1, se\u00f1al\u00f3: \u201cSi Pettovello contrata a \u2018futuros funcionarios\u2019 por fuera, como es el ejemplo de contratar por OEI, no solo designa ilegalmente, ya que est\u00e1 contratando sin seguir el procedimiento previsto (en referencia al decreto) y prorrogado por su gesti\u00f3n, sino que adem\u00e1s paga una comisi\u00f3n por cada contrato a OEI\u201d. \u201cTambi\u00e9n deber\u00eda evaluarse si hay incompatibilidad por recibir dos pagos del Estado una por la designaci\u00f3n y la otra por intermedio de un tercero\u201d, apunt\u00f3.<\/p>\n","protected":false},"excerpt":{"rendered":"<p>El acuerdo de la cartera liderada por Sandra Pettovello con la Organizaci\u00f3n de Estados Iberoamericana le permite a la ministra evadir un decreto de la gesti\u00f3n anterior, que proh\u00edbe aumentar la planta, y contratar m\u00e1s empleados p\u00fablicos de manera terciarizada &nbsp; &nbsp; En medio del esc\u00e1ndalo por la retenci\u00f3n de alimentos que encontr\u00f3 a su chivo expiatorio en Pablo de la Torre, se conoci\u00f3 que el Ministerio de Capital Humano, liderado por Sandra Pettovello, fondea a un organismo internacional para que \u00e9ste, y no el Estado, contrate de manera temporal&#8230;<\/p>\n","protected":false},"author":3,"featured_media":115416,"comment_status":"closed","ping_status":"closed","sticky":false,"template":"","format":"standard","meta":[],"categories":[18],"tags":[],"_links":{"self":[{"href":"https:\/\/www.actualidadadiario.com\/index.php\/wp-json\/wp\/v2\/posts\/115415"}],"collection":[{"href":"https:\/\/www.actualidadadiario.com\/index.php\/wp-json\/wp\/v2\/posts"}],"about":[{"href":"https:\/\/www.actualidadadiario.com\/index.php\/wp-json\/wp\/v2\/types\/post"}],"author":[{"embeddable":true,"href":"https:\/\/www.actualidadadiario.com\/index.php\/wp-json\/wp\/v2\/users\/3"}],"replies":[{"embeddable":true,"href":"https:\/\/www.actualidadadiario.com\/index.php\/wp-json\/wp\/v2\/comments?post=115415"}],"version-history":[{"count":1,"href":"https:\/\/www.actualidadadiario.com\/index.php\/wp-json\/wp\/v2\/posts\/115415\/revisions"}],"predecessor-version":[{"id":115417,"href":"https:\/\/www.actualidadadiario.com\/index.php\/wp-json\/wp\/v2\/posts\/115415\/revisions\/115417"}],"wp:featuredmedia":[{"embeddable":true,"href":"https:\/\/www.actualidadadiario.com\/index.php\/wp-json\/wp\/v2\/media\/115416"}],"wp:attachment":[{"href":"https:\/\/www.actualidadadiario.com\/index.php\/wp-json\/wp\/v2\/media?parent=115415"}],"wp:term":[{"taxonomy":"category","embeddable":true,"href":"https:\/\/www.actualidadadiario.com\/index.php\/wp-json\/wp\/v2\/categories?post=115415"},{"taxonomy":"post_tag","embeddable":true,"href":"https:\/\/www.actualidadadiario.com\/index.php\/wp-json\/wp\/v2\/tags?post=115415"}],"curies":[{"name":"wp","href":"https:\/\/api.w.org\/{rel}","templated":true}]}}