{"id":115412,"date":"2024-05-31T12:12:27","date_gmt":"2024-05-31T15:12:27","guid":{"rendered":"https:\/\/www.actualidadadiario.com\/?p=115412"},"modified":"2024-05-31T12:12:27","modified_gmt":"2024-05-31T15:12:27","slug":"pettovello-busca-chivo-expiatorio-por-el-reparto-de-alimentos-y-echo-a-pablo-de-la-torre","status":"publish","type":"post","link":"https:\/\/www.actualidadadiario.com\/index.php\/2024\/05\/31\/pettovello-busca-chivo-expiatorio-por-el-reparto-de-alimentos-y-echo-a-pablo-de-la-torre\/","title":{"rendered":"Pettovello busca chivo expiatorio por el reparto de alimentos y ech\u00f3 a Pablo de la Torre"},"content":{"rendered":"<p style=\"text-align: center;\"><em><strong>La funcionaria, amiga del presidente Javier Milei, eligi\u00f3 un &#8220;chivo expiatorio&#8221; para poder justificar la mala gesti\u00f3n ante el desabastecimiento a comedores y merenderos populares, en medio de una pobreza que ronda el 49% en el pa\u00eds<\/strong><\/em><\/p>\n<p>&nbsp;<\/p>\n<p>&nbsp;<\/p>\n<p>La ministra de Capital Humano, Sandra Pettovello, ech\u00f3 este jueves al secretario de Ni\u00f1ez y Familia, Pablo de la Torre, tras la pol\u00e9mica por el acopio y la no distribuci\u00f3n de m\u00e1s de 6.000 millones de kilos de alimentos. La Justicia hab\u00eda determinado que este jueves era la fecha l\u00edmite para repartir la mercader\u00eda.<\/p>\n<p>La funcionaria, amiga del presidente Javier Milei, eligi\u00f3 un &#8220;chivo expiatorio&#8221; para poder justificar la mala gesti\u00f3n ante el desabastecimiento a comedores y merenderos populares, en medio de una pobreza que ronda el 49% en el pa\u00eds.<\/p>\n<p>El propio exfuncionario ratific\u00f3 la noticia en sus redes sociales: &#8220;Fue un honor ser parte del Gobierno Nacional durante estos meses. Seguir\u00e9 trabajando por nuestra Patria desde el lugar que me toque. Pido a Dios que ilumine al presidente Milei en la enorme tarea que es sacar a este pa\u00eds adelante&#8221;, expres\u00f3.<\/p>\n<p>En un comunicado difundido ayer, Pettovello reconoci\u00f3 que en una auditor\u00eda interna, el Ministerio de Capital Humano detect\u00f3 la cercan\u00eda del vencimiento de parte de los alimentos almacenados en galpones de la localidad bonaerense de Villa Martelli y en la ciudad tucumana de Taf\u00ed Viejo, comprados por la gesti\u00f3n anterior.<\/p>\n<p>Adem\u00e1s de despedirlo, la funcionaria present\u00f3 una denuncia ante la Oficina Anticorrupci\u00f3n, no s\u00f3lo contra De la Torre sino tambi\u00e9n contra todos sus subsecretarios, quienes contin\u00faan en sus respectivos cargos dentro de la cartera. Seg\u00fan se\u00f1ala la ministra, la presentaci\u00f3n fue por una serie de contratos, entre 50 y 100, con la Organizaci\u00f3n de Estados Iberoamericanos (OIE), que presuntamente funcionaba como intermediaria para la compra de alimentos y se quedaba con un porcentaje en concepto de &#8220;gasto administrativo&#8221;.<\/p>\n<p>&nbsp;<\/p>\n<p><strong>Responsabiliz\u00f3 a Pablo de la Torre por el acopio de alimentos prontos a vencer<\/strong><\/p>\n<p>Esta tarde, luego de anunciar el protocolo de distribuci\u00f3n de alimentos, que estar\u00e1 a cargo del Ej\u00e9rcito Argentino, Pettovello comenz\u00f3 un proceso de b\u00fasqueda de los responsables de no informar al respecto de la situaci\u00f3n de esta mercader\u00eda. &#8220;Todo necesita la firma de la ministra&#8221;, explicaron desde la cartera, a la que se le venc\u00eda el plazo judicial para definir la entrega de productos.<\/p>\n<p>Quien fue apuntado como responsable de este grave problema para el Gobierno fue el ahora exsecretario de Ni\u00f1ez y Familia, uno de los pocos funcionarios que se manten\u00eda desde el organigrama original del Ministerio de Capital Humano, que se encuentra erosionado por las renuncias y movimientos de direcciones.<\/p>\n<p>&nbsp;<\/p>\n<p><strong>Pablo de la Torre, contra Juan Grabois: &#8220;Aunque llores no vas a tocar nunca m\u00e1s una sola bolsa de comida&#8221;<\/strong><\/p>\n<p>Horas previas a su despido, De la Torre hab\u00eda apuntado en sus redes sociales contra Juan Grabois, quien hab\u00eda se\u00f1alado que &#8220;hay gente con hambre y 5000 toneladas de comida pudri\u00e9ndose en galpones&#8221;.<\/p>\n<p>&#8220;Grabois, aunque llores no vas a tocar nunca m\u00e1s una sola bolsa de comida, ni vos ni los delincuentes de tus jefes. Lo que te molesta es que le demos la plata directamente a la gente. Estamos liberando a los pobres de tus manos codiciosas&#8221;, hab\u00eda respondido el ahora exfuncionario en su cuenta de X.<\/p>\n<p>&nbsp;<\/p>\n<p><strong>Qui\u00e9n es Pablo de la Torre, ex secretario de Ni\u00f1ez y Familia<\/strong><\/p>\n<p>Pablo de la Torre, hermano del senador provincial y ex intendente de San Miguel, Joaqu\u00edn de la Torre, fue destituido esta tarde de su cargo al frente de la Secretar\u00eda de Ni\u00f1ez y Familia. Era uno de los pocos funcionarios que se manten\u00eda desde el organigrama original del Ministerio de Capital Humano.<\/p>\n<p>Previo a ello, se hab\u00eda avocado principalmente a la pol\u00edtica local. No obstante, fue uno de los que en 2018 expuso en contra del proyecto de la Campa\u00f1a Nacional por el Derecho al Aborto en el Senado. Incluso, De la Torre lleg\u00f3 a decir: \u201cDe aprobarse esta ley habr\u00e1 ni\u00f1os argentinos que en democracia no van a poder nacer, no van a poder jugar, amar, re\u00edr o llorar\u201d.<\/p>\n<p>En dicha presentaci\u00f3n, habl\u00f3 tambi\u00e9n de las Consejer\u00edas Guadalupe, creadas en el Hospital Larcade de San Miguel para convencer a las mujeres que llegaban con embarazos no intencionales de que contin\u00faen con \u00e9l, hasta el punto de hostigarlas.<\/p>\n<p>De la Torre lleg\u00f3 al gabinete de Milei por su relaci\u00f3n con el ala dura del PRO y con Patricia Bullrich, adem\u00e1s de sus ideales vinculados estrechamente a la Iglesia Cat\u00f3lica y a la lucha en contra del aborto legal y a favor de \u201clos valores de la familia&#8221;.<\/p>\n","protected":false},"excerpt":{"rendered":"<p>La funcionaria, amiga del presidente Javier Milei, eligi\u00f3 un &#8220;chivo expiatorio&#8221; para poder justificar la mala gesti\u00f3n ante el desabastecimiento a comedores y merenderos populares, en medio de una pobreza que ronda el 49% en el pa\u00eds &nbsp; &nbsp; La ministra de Capital Humano, Sandra Pettovello, ech\u00f3 este jueves al secretario de Ni\u00f1ez y Familia, Pablo de la Torre, tras la pol\u00e9mica por el acopio y la no distribuci\u00f3n de m\u00e1s de 6.000 millones de kilos de alimentos. La Justicia hab\u00eda determinado que este jueves era la fecha l\u00edmite para&#8230;<\/p>\n","protected":false},"author":3,"featured_media":115413,"comment_status":"closed","ping_status":"closed","sticky":false,"template":"","format":"standard","meta":[],"categories":[18],"tags":[],"_links":{"self":[{"href":"https:\/\/www.actualidadadiario.com\/index.php\/wp-json\/wp\/v2\/posts\/115412"}],"collection":[{"href":"https:\/\/www.actualidadadiario.com\/index.php\/wp-json\/wp\/v2\/posts"}],"about":[{"href":"https:\/\/www.actualidadadiario.com\/index.php\/wp-json\/wp\/v2\/types\/post"}],"author":[{"embeddable":true,"href":"https:\/\/www.actualidadadiario.com\/index.php\/wp-json\/wp\/v2\/users\/3"}],"replies":[{"embeddable":true,"href":"https:\/\/www.actualidadadiario.com\/index.php\/wp-json\/wp\/v2\/comments?post=115412"}],"version-history":[{"count":1,"href":"https:\/\/www.actualidadadiario.com\/index.php\/wp-json\/wp\/v2\/posts\/115412\/revisions"}],"predecessor-version":[{"id":115414,"href":"https:\/\/www.actualidadadiario.com\/index.php\/wp-json\/wp\/v2\/posts\/115412\/revisions\/115414"}],"wp:featuredmedia":[{"embeddable":true,"href":"https:\/\/www.actualidadadiario.com\/index.php\/wp-json\/wp\/v2\/media\/115413"}],"wp:attachment":[{"href":"https:\/\/www.actualidadadiario.com\/index.php\/wp-json\/wp\/v2\/media?parent=115412"}],"wp:term":[{"taxonomy":"category","embeddable":true,"href":"https:\/\/www.actualidadadiario.com\/index.php\/wp-json\/wp\/v2\/categories?post=115412"},{"taxonomy":"post_tag","embeddable":true,"href":"https:\/\/www.actualidadadiario.com\/index.php\/wp-json\/wp\/v2\/tags?post=115412"}],"curies":[{"name":"wp","href":"https:\/\/api.w.org\/{rel}","templated":true}]}}