{"id":115409,"date":"2024-05-31T11:40:41","date_gmt":"2024-05-31T14:40:41","guid":{"rendered":"https:\/\/www.actualidadadiario.com\/?p=115409"},"modified":"2024-05-31T11:40:41","modified_gmt":"2024-05-31T14:40:41","slug":"en-cuatro-meses-el-gobierno-recorto-casi-20-mil-empleos-publicos","status":"publish","type":"post","link":"https:\/\/www.actualidadadiario.com\/index.php\/2024\/05\/31\/en-cuatro-meses-el-gobierno-recorto-casi-20-mil-empleos-publicos\/","title":{"rendered":"En cuatro meses, el Gobierno recort\u00f3 casi 20 mil empleos p\u00fablicos"},"content":{"rendered":"<p style=\"text-align: center;\"><em><strong>La mayor\u00eda de los despidos estuvo en la administraci\u00f3n p\u00fablica nacional, que pas\u00f3 de 231.305 a 215.901 empleados entre diciembre y abril, seg\u00fan el \u00faltimo informe mensual del Indec<\/strong><\/em><\/p>\n<p>&nbsp;<\/p>\n<p>&nbsp;<\/p>\n<p>La cantidad de empleados p\u00fablicos se redujo en 19.223 personas entre diciembre de 2023 y abril del 2024. As\u00ed, la totalidad de trabajadores del Estado pas\u00f3 de 341.473 a 322.250 durante ese periodo.<\/p>\n<p>Los datos se desprenden del \u00faltimo informe mensual del Indec sobre la dotaci\u00f3n de personal de la administraci\u00f3n p\u00fablica nacional, empresas y sociedades al 30 de abril de 2024.<\/p>\n<p>Entre diciembre y enero, se perdieron casi 8 mil empleos p\u00fablicos. En febrero y marzo la baja fue de mil y dos mil puestos, respectivamente, y en abril la motosierra pas\u00f3 con m\u00e1s \u00edmpetu: despidieron casi 8 mil empleados.<\/p>\n<p>El informe confirma el ajuste en las plantillas de empleo p\u00fablico implementado por el gobierno de Javier Milei, que en los primeros d\u00edas de gesti\u00f3n redujo los ministerios de 18 a 9 y comenz\u00f3 un recorte que abarca \u00e1reas de todo el Estado.<\/p>\n<p>&nbsp;<\/p>\n<p><strong>La Administraci\u00f3n P\u00fablica Nacional, el centro del recorte<\/strong><\/p>\n<p>De acuerdo con las cifras oficiales, la mayor\u00eda de los empleados est\u00e1 en la administraci\u00f3n p\u00fablica nacional, con 215.901. A diciembre \u00faltimo, hab\u00eda 231.305, lo cual indica que el principal recorte se aplic\u00f3 en esa \u00f3rbita.<\/p>\n<p>En empresas y sociedad del Estado, hab\u00eda 110.168 personas trabajando en diciembre de 2023, y en abril hab\u00eda disminuido a 106.349, lo cual tambi\u00e9n refleja un recorte, de casi 4.000 empleados.<\/p>\n<p>&nbsp;<\/p>\n<p><strong>&#8220;Va a haber m\u00e1s despidos&#8221;<\/strong><\/p>\n<p>Para el Gobierno, la esfera p\u00fablica est\u00e1 totalmente sobredimensionada, por lo que la pol\u00edtica a aplicar es que contrato que se vence, no se renueva. En marzo, el vocero presidencial Manuel Adorni confirm\u00f3 que de los 70 mil contratos que finalizaban el 31 de ese mes, 15 mil ser\u00edan dados de baja, mientras que los restantes se iban a prorrogar bajo an\u00e1lisis.<\/p>\n<p>Con m\u00e1s de 19 mil recortes hasta abril, la actual administraci\u00f3n planea seguir con esa metodolog\u00eda de cara a los pr\u00f3ximos meses. El encargado de confirmarlo fue el propio Adorni, quien d\u00edas atr\u00e1s afirm\u00f3 que, a finales de junio, &#8220;habr\u00e1 una segunda revisi\u00f3n&#8221; de los contratos de los empleados estatales.<\/p>\n<p>El Gobierno decidi\u00f3 renovar s\u00f3lo por tres meses los contratos de m\u00e1s de 59.000 trabajadores y trabajadoras con estabilidad de la planta transitoria del Estado, esos 90 d\u00edas tienen vencimiento a fines de junio.<\/p>\n<p>&#8220;Va a haber m\u00e1s despidos, con seguridad&#8221;, anunci\u00f3 en su habitual conferencia de prensa en Casa Rosada, y agreg\u00f3: &#8220;Los despidos van a seguir pasando, casi como un proceso permanente y eterno. Es importante revisar el funcionamiento de determinadas \u00e1reas, qu\u00e9 valor agregan. Es sano que as\u00ed sea&#8221;.<\/p>\n<p>La administraci\u00f3n libertaria tiene como prioridad uno el achicamiento del Estado y tambi\u00e9n impulsa que las provincias apliquen un recorte de empleo p\u00fablico, a partir de acuerdos con la Naci\u00f3n.<\/p>\n","protected":false},"excerpt":{"rendered":"<p>La mayor\u00eda de los despidos estuvo en la administraci\u00f3n p\u00fablica nacional, que pas\u00f3 de 231.305 a 215.901 empleados entre diciembre y abril, seg\u00fan el \u00faltimo informe mensual del Indec &nbsp; &nbsp; La cantidad de empleados p\u00fablicos se redujo en 19.223 personas entre diciembre de 2023 y abril del 2024. As\u00ed, la totalidad de trabajadores del Estado pas\u00f3 de 341.473 a 322.250 durante ese periodo. Los datos se desprenden del \u00faltimo informe mensual del Indec sobre la dotaci\u00f3n de personal de la administraci\u00f3n p\u00fablica nacional, empresas y sociedades al 30 de&#8230;<\/p>\n","protected":false},"author":3,"featured_media":115410,"comment_status":"closed","ping_status":"closed","sticky":false,"template":"","format":"standard","meta":[],"categories":[9],"tags":[],"_links":{"self":[{"href":"https:\/\/www.actualidadadiario.com\/index.php\/wp-json\/wp\/v2\/posts\/115409"}],"collection":[{"href":"https:\/\/www.actualidadadiario.com\/index.php\/wp-json\/wp\/v2\/posts"}],"about":[{"href":"https:\/\/www.actualidadadiario.com\/index.php\/wp-json\/wp\/v2\/types\/post"}],"author":[{"embeddable":true,"href":"https:\/\/www.actualidadadiario.com\/index.php\/wp-json\/wp\/v2\/users\/3"}],"replies":[{"embeddable":true,"href":"https:\/\/www.actualidadadiario.com\/index.php\/wp-json\/wp\/v2\/comments?post=115409"}],"version-history":[{"count":1,"href":"https:\/\/www.actualidadadiario.com\/index.php\/wp-json\/wp\/v2\/posts\/115409\/revisions"}],"predecessor-version":[{"id":115411,"href":"https:\/\/www.actualidadadiario.com\/index.php\/wp-json\/wp\/v2\/posts\/115409\/revisions\/115411"}],"wp:featuredmedia":[{"embeddable":true,"href":"https:\/\/www.actualidadadiario.com\/index.php\/wp-json\/wp\/v2\/media\/115410"}],"wp:attachment":[{"href":"https:\/\/www.actualidadadiario.com\/index.php\/wp-json\/wp\/v2\/media?parent=115409"}],"wp:term":[{"taxonomy":"category","embeddable":true,"href":"https:\/\/www.actualidadadiario.com\/index.php\/wp-json\/wp\/v2\/categories?post=115409"},{"taxonomy":"post_tag","embeddable":true,"href":"https:\/\/www.actualidadadiario.com\/index.php\/wp-json\/wp\/v2\/tags?post=115409"}],"curies":[{"name":"wp","href":"https:\/\/api.w.org\/{rel}","templated":true}]}}