{"id":115400,"date":"2024-05-31T10:56:14","date_gmt":"2024-05-31T13:56:14","guid":{"rendered":"https:\/\/www.actualidadadiario.com\/?p=115400"},"modified":"2024-05-31T10:56:36","modified_gmt":"2024-05-31T13:56:36","slug":"la-dirigencia-entrerriana-dio-su-ultimo-adios-a-nora-cortinas","status":"publish","type":"post","link":"https:\/\/www.actualidadadiario.com\/index.php\/2024\/05\/31\/la-dirigencia-entrerriana-dio-su-ultimo-adios-a-nora-cortinas\/","title":{"rendered":"La dirigencia entrerriana dio su \u00faltimo adi\u00f3s a Nora Corti\u00f1as"},"content":{"rendered":"<p style=\"text-align: center;\"><em><strong>Tras el fallecimiento de la referente de derechos humanos dirigentes justicialistas y de izquierda publicaron en redes sociales su \u00faltimo saludo. \u201cSe fue la querida Nora Corti\u00f1as, una mujer enorme, que supo transformar su p\u00e9rdida en amor y lucha colectiva\u201d, public\u00f3 Laura Stratta<\/strong><\/em><\/p>\n<p>&nbsp;<\/p>\n<p>&nbsp;<\/p>\n<p>La presidenta de Madres de Plaza de Mayo L\u00ednea Fundadora, Nora Morales de Corti\u00f1as, muri\u00f3 este jueves a los 94 a\u00f1os. El fallecimiento se dio a conocer a trav\u00e9s de un comunicado difundido por su familia.<\/p>\n<p>En este contexto la dirigencia entrerriana dio su \u00faltimo saludo a Norita a trav\u00e9s de X (ex Twitter):<\/p>\n<p><strong>Jos\u00e9 Orlando C\u00e1ceres (parlamentario del Mercosur y presidente del PJ de Entre R\u00edos):<\/strong> \u201cEnorme luchadora Nora Corti\u00f1as. Gracias por tu compromiso con la defensa de los Derechos Humanos, por tu ejemplo y tu dignidad. Que en paz descanses.\u00a0 Mis condolencias a sus familiares, amigos, compa\u00f1eros y compa\u00f1eras\u201d.<\/p>\n<p>&nbsp;<\/p>\n<p><strong>Rosario Romero (intendenta de Paran\u00e1-PJ):<\/strong> \u201cCon sentido dolor, despido a Nora Corti\u00f1as, referente de la L\u00ednea Fundadora de Madres de Plaza de Mayo. Paran\u00e1, cuenta con una calle que le rinde homenaje a las mujeres que, como ella, no descansaron ni un solo d\u00eda en la b\u00fasqueda de la verdad y en defensa de los derechos humanos\u201d.<\/p>\n<p>&nbsp;<\/p>\n<p><strong>Laura Stratta (diputada provincial-PJ):<\/strong> \u201cSe fue la querida Nora Corti\u00f1as, una mujer enorme, que supo transformar su p\u00e9rdida en amor y lucha colectiva. Su historia ser\u00e1 siempre un faro en tiempos dif\u00edciles, su lucha un modo de honrar la vida y la memoria. Gracias por tu ejemplo incansable\u201d.<\/p>\n<p>&nbsp;<\/p>\n<p><strong>Andrea Zoff (diputada provincial-PJ):<\/strong> \u201cGracias Norita Corti\u00f1as por tu ejemplo de lucha incansable.\u00a0 Te recordaremos siempre con el amor que pusiste en cada batalla y cada paso. Hasta siempre\u201d.<\/p>\n<p>&nbsp;<\/p>\n<p><strong>Stefan\u00eda Cora (diputada provincial-PJ):<\/strong> \u201cValent\u00eda, amor y causa popular: Norita eterna. Madre de la Plaza, tu pueblo te llora, honra y abraza\u201d.<\/p>\n<p>&nbsp;<\/p>\n<p><strong>Carina Ramos (ex diputada provincial-PJ):<\/strong> \u201cGracias por ense\u00f1arnos el camino de la lucha a trav\u00e9s del amor. Honramos tu vida y tu entrega. Te recordaremos siempre. Hasta la Victoria siempre\u201d.<\/p>\n<p>&nbsp;<\/p>\n<p><strong>Nadia Burgos (dirigente del MST-FITU):<\/strong> \u201cVenceremos. Hasta la victoria siempre querida Norita\u201d.<\/p>\n","protected":false},"excerpt":{"rendered":"<p>Tras el fallecimiento de la referente de derechos humanos dirigentes justicialistas y de izquierda publicaron en redes sociales su \u00faltimo saludo. \u201cSe fue la querida Nora Corti\u00f1as, una mujer enorme, que supo transformar su p\u00e9rdida en amor y lucha colectiva\u201d, public\u00f3 Laura Stratta &nbsp; &nbsp; La presidenta de Madres de Plaza de Mayo L\u00ednea Fundadora, Nora Morales de Corti\u00f1as, muri\u00f3 este jueves a los 94 a\u00f1os. El fallecimiento se dio a conocer a trav\u00e9s de un comunicado difundido por su familia. En este contexto la dirigencia entrerriana dio su \u00faltimo&#8230;<\/p>\n","protected":false},"author":3,"featured_media":115401,"comment_status":"closed","ping_status":"closed","sticky":false,"template":"","format":"standard","meta":[],"categories":[15],"tags":[],"_links":{"self":[{"href":"https:\/\/www.actualidadadiario.com\/index.php\/wp-json\/wp\/v2\/posts\/115400"}],"collection":[{"href":"https:\/\/www.actualidadadiario.com\/index.php\/wp-json\/wp\/v2\/posts"}],"about":[{"href":"https:\/\/www.actualidadadiario.com\/index.php\/wp-json\/wp\/v2\/types\/post"}],"author":[{"embeddable":true,"href":"https:\/\/www.actualidadadiario.com\/index.php\/wp-json\/wp\/v2\/users\/3"}],"replies":[{"embeddable":true,"href":"https:\/\/www.actualidadadiario.com\/index.php\/wp-json\/wp\/v2\/comments?post=115400"}],"version-history":[{"count":2,"href":"https:\/\/www.actualidadadiario.com\/index.php\/wp-json\/wp\/v2\/posts\/115400\/revisions"}],"predecessor-version":[{"id":115403,"href":"https:\/\/www.actualidadadiario.com\/index.php\/wp-json\/wp\/v2\/posts\/115400\/revisions\/115403"}],"wp:featuredmedia":[{"embeddable":true,"href":"https:\/\/www.actualidadadiario.com\/index.php\/wp-json\/wp\/v2\/media\/115401"}],"wp:attachment":[{"href":"https:\/\/www.actualidadadiario.com\/index.php\/wp-json\/wp\/v2\/media?parent=115400"}],"wp:term":[{"taxonomy":"category","embeddable":true,"href":"https:\/\/www.actualidadadiario.com\/index.php\/wp-json\/wp\/v2\/categories?post=115400"},{"taxonomy":"post_tag","embeddable":true,"href":"https:\/\/www.actualidadadiario.com\/index.php\/wp-json\/wp\/v2\/tags?post=115400"}],"curies":[{"name":"wp","href":"https:\/\/api.w.org\/{rel}","templated":true}]}}