{"id":115392,"date":"2024-05-31T10:52:20","date_gmt":"2024-05-31T13:52:20","guid":{"rendered":"https:\/\/www.actualidadadiario.com\/?p=115392"},"modified":"2024-05-31T10:52:20","modified_gmt":"2024-05-31T13:52:20","slug":"las-paginas-web-de-la-provincia-seran-accesibles-para-personas-con-discapacidad","status":"publish","type":"post","link":"https:\/\/www.actualidadadiario.com\/index.php\/2024\/05\/31\/las-paginas-web-de-la-provincia-seran-accesibles-para-personas-con-discapacidad\/","title":{"rendered":"Las p\u00e1ginas web de la provincia ser\u00e1n accesibles para personas con discapacidad"},"content":{"rendered":"<p style=\"text-align: center;\"><em><strong>La Secretar\u00eda de Modernizaci\u00f3n trabaja en un proyecto para que Entre R\u00edos adhiera a la Ley Nacional N\u00ba 26.653 de Accesibilidad de la Informaci\u00f3n en las P\u00e1ginas Web, la cual garantiza el acceso a personas con discapacidad<\/strong><\/em><\/p>\n<p>&nbsp;<\/p>\n<p>&nbsp;<\/p>\n<p>As\u00ed lo informaron en una reuni\u00f3n que mantuvieron con representantes de organizaciones que trabajan con personas con discapacidad y sostuvieron que se apunta a &#8220;seguir derribando las barreras que se interponen entre el Estado y la gente&#8221;.<\/p>\n<p>All\u00ed remarcaron la importancia que tendr\u00eda la adhesi\u00f3n de la provincia a la Ley Nacional N\u00ba 26.653 de Accesibilidad Digital y explicaron que para avanzar en este sentido convocaron a quienes tienen v\u00ednculo directo, a diario, con personas con discapacidad, porque consideran que su voz es un aporte importante para seguir derribando las barreras que se interponen entre el Estado y las personas.<\/p>\n<p>El proyecto reafirma el compromiso del gobernador, Rogelio Frigerio, con la inclusi\u00f3n digital y el acceso igualitario a la informaci\u00f3n p\u00fablica.<\/p>\n<p>\u00c9ste permitir\u00e1 que todas las p\u00e1ginas web del gobierno provincial incorporen una herramienta para adaptar el contenido autom\u00e1ticamente, facilitando as\u00ed que todos los entrerrianos tengan acceso a la misma informaci\u00f3n. Esto incluye, entre otras cuestiones, agrandar la letra para personas con baja visi\u00f3n, aumentar el contraste, resaltar enlaces, espaciar el texto, detener animaciones para personas con ataques epil\u00e9pticos o modificar el texto para personas con dislexia.<\/p>\n<p>Adem\u00e1s, contempla la implementaci\u00f3n de herramientas necesarias para accesibilizar los contenidos, teniendo en cuenta las diferentes discapacidades y sus combinaciones. Esto busca garantizar que cualquier persona pueda utilizar de manera aut\u00f3noma las nuevas tecnolog\u00edas.<\/p>\n<p>&nbsp;<\/p>\n<p><strong>Amplia participaci\u00f3n<\/strong><\/p>\n<p>A la reuni\u00f3n que se realiz\u00f3 con funcionarios provinciales fueron convocadas las siguientes asociaciones, municipios y organismos: Asociaci\u00f3n de Padres de Autistas (Apadea); Aprendiendo a Ser; Asociaci\u00f3n El Recreo; Asociaci\u00f3n Ol\u00edmpica Paran\u00e1; Asociaci\u00f3n Paranaense de S\u00edndrome de Down (Aspasid); Centro Amigos del Ciego; Colectivo Discapacidad Entre R\u00edos &#8211; Profesionales, Defensor\u00eda del Pueblo de Personas Mayores; Escuela de Educaci\u00f3n Integral (La Picada); Escuela Helen Keller; Federaci\u00f3n de Jubilados; Juntos Andar; Sociedad Fundadora de Beneficencia Uranga; T\u00e9 Azul. Los municipios de Cerrito, Colonia Avellaneda, Hasenkamp, Mar\u00eda Grande, San Benito, Segu\u00ed, Tabossi y Viale; y representantes del Instituto Provincial de Discapacidad (Iprodi), del Instituto de Obra Social de la Provincia de Entre R\u00edos (Iosper), PAMI, de la Direcci\u00f3n de Educaci\u00f3n Especial\u00a0 del Consejo General de Educaci\u00f3n y personal del Centro de Convenciones.<\/p>\n","protected":false},"excerpt":{"rendered":"<p>La Secretar\u00eda de Modernizaci\u00f3n trabaja en un proyecto para que Entre R\u00edos adhiera a la Ley Nacional N\u00ba 26.653 de Accesibilidad de la Informaci\u00f3n en las P\u00e1ginas Web, la cual garantiza el acceso a personas con discapacidad &nbsp; &nbsp; As\u00ed lo informaron en una reuni\u00f3n que mantuvieron con representantes de organizaciones que trabajan con personas con discapacidad y sostuvieron que se apunta a &#8220;seguir derribando las barreras que se interponen entre el Estado y la gente&#8221;. All\u00ed remarcaron la importancia que tendr\u00eda la adhesi\u00f3n de la provincia a la Ley&#8230;<\/p>\n","protected":false},"author":3,"featured_media":115393,"comment_status":"closed","ping_status":"closed","sticky":false,"template":"","format":"standard","meta":[],"categories":[15],"tags":[],"_links":{"self":[{"href":"https:\/\/www.actualidadadiario.com\/index.php\/wp-json\/wp\/v2\/posts\/115392"}],"collection":[{"href":"https:\/\/www.actualidadadiario.com\/index.php\/wp-json\/wp\/v2\/posts"}],"about":[{"href":"https:\/\/www.actualidadadiario.com\/index.php\/wp-json\/wp\/v2\/types\/post"}],"author":[{"embeddable":true,"href":"https:\/\/www.actualidadadiario.com\/index.php\/wp-json\/wp\/v2\/users\/3"}],"replies":[{"embeddable":true,"href":"https:\/\/www.actualidadadiario.com\/index.php\/wp-json\/wp\/v2\/comments?post=115392"}],"version-history":[{"count":1,"href":"https:\/\/www.actualidadadiario.com\/index.php\/wp-json\/wp\/v2\/posts\/115392\/revisions"}],"predecessor-version":[{"id":115394,"href":"https:\/\/www.actualidadadiario.com\/index.php\/wp-json\/wp\/v2\/posts\/115392\/revisions\/115394"}],"wp:featuredmedia":[{"embeddable":true,"href":"https:\/\/www.actualidadadiario.com\/index.php\/wp-json\/wp\/v2\/media\/115393"}],"wp:attachment":[{"href":"https:\/\/www.actualidadadiario.com\/index.php\/wp-json\/wp\/v2\/media?parent=115392"}],"wp:term":[{"taxonomy":"category","embeddable":true,"href":"https:\/\/www.actualidadadiario.com\/index.php\/wp-json\/wp\/v2\/categories?post=115392"},{"taxonomy":"post_tag","embeddable":true,"href":"https:\/\/www.actualidadadiario.com\/index.php\/wp-json\/wp\/v2\/tags?post=115392"}],"curies":[{"name":"wp","href":"https:\/\/api.w.org\/{rel}","templated":true}]}}