{"id":115389,"date":"2024-05-31T10:51:15","date_gmt":"2024-05-31T13:51:15","guid":{"rendered":"https:\/\/www.actualidadadiario.com\/?p=115389"},"modified":"2024-05-31T10:51:15","modified_gmt":"2024-05-31T13:51:15","slug":"echaron-a-15-trabajadores-del-hotel-mayorazgo-de-parana","status":"publish","type":"post","link":"https:\/\/www.actualidadadiario.com\/index.php\/2024\/05\/31\/echaron-a-15-trabajadores-del-hotel-mayorazgo-de-parana\/","title":{"rendered":"Echaron a 15 trabajadores del hotel Mayorazgo de Paran\u00e1"},"content":{"rendered":"<p style=\"text-align: center;\"><em><strong>Lo confirm\u00f3 el Secretario General que representa al sector de los hoteleros y gastron\u00f3micos, Jos\u00e9 Trlin Carelli, que tambi\u00e9n asegur\u00f3 que los despedidos ten\u00edan entre 10 y 18 a\u00f1os de antig\u00fcedad en sus puestos. Adem\u00e1s se\u00f1al\u00f3 que la gerencia \u201cest\u00e1 inventando causas para echar gente y no pagarles la indemnizaci\u00f3n correspondiente\u201d<\/strong><\/em><\/p>\n<p>&nbsp;<\/p>\n<p>&nbsp;<\/p>\n<p>El titular de la Uni\u00f3n de Trabajadores del Turismo, Hoteleros y Gastron\u00f3micos de la Rep\u00fablica Argentina (Uthgra)\u00a0 se\u00f1al\u00f3 que las cesant\u00edas comenzaron hace aproximadamente un mes.<\/p>\n<p>\u201cLos trabajadores despedidos hasta ahora son 15, se pusieron en contacto con nosotros y tuvieron audiencias con el Ministerio de Trabajo, algunos arreglaron y otros est\u00e1n en la tratativa\u201d, asegur\u00f3 el representante gremial y adem\u00e1s aclar\u00f3 que las bajas fueron en todas las \u00e1reas tanto como cocina, administraci\u00f3n, hoteler\u00eda y gastronom\u00eda dentro del casino.<\/p>\n<p>&nbsp;<\/p>\n<p><strong>Modalidad de los despidos<\/strong><\/p>\n<p>Trlin Carelli cont\u00f3 que \u201cla modalidad de despidos fue a trav\u00e9s de causas inventadas\u00a0 a trabajadores que llevan m\u00e1s de 15 a\u00f1os; la patronal hac\u00eda ir a un escribano, llaman a la persona y ah\u00ed notificaban la baja con causa justa para no pagarle indemnizaci\u00f3n\u201d.<\/p>\n<p>El titular de Uthgra ratific\u00f3 en la gravedad del asunto en cuanto a la manera: \u201cLos despidos est\u00e1n contemplados en la ley y hay una forma para hacerlos\u201d, aclar\u00f3 que existe un protocolo para reducir personal y se\u00f1al\u00f3 que \u201clo que est\u00e1n haciendo es para amedrentar a los trabajadores que quedan, por eso echan a los que tienen m\u00e1s antig\u00fcedad y sin pagarles un solo centavo\u201d.<\/p>\n<p>\u201cNo existe justificaci\u00f3n cuando hay despidos con causas inventadas, es muy raro que en un establecimiento 15 trabajadores tengan razones para ser despedidos y eso no es una cuesti\u00f3n de la recesi\u00f3n econ\u00f3mica que est\u00e1 viviendo la Argentina porque si fuera por eso echar\u00edan a la gente que menos antig\u00fcedad tiene porque les saldr\u00eda m\u00e1s barato pagarles como les corresponde\u201d, cuestion\u00f3 Trlin Carelli.<\/p>\n<p>Adem\u00e1s el gremialista hizo hincapi\u00e9 en que \u201cla gente que echaron es la misma que en plena pandemia, incentivados por los empresarios salieron a manifestarse a la calle para que el Estado vuelva a permitir la apertura de hoteles y casinos\u201d y critic\u00f3 a la patronal: \u201cCuando son necesarios los uso y despu\u00e9s los descarto sin pagarles nada; estos trabajadores eran la gente que m\u00e1s ten\u00eda puesta la camiseta\u201d.<\/p>\n<p>&nbsp;<\/p>\n<p><strong>Nueva gerencia<\/strong><\/p>\n<p>Finalmente el Secretario General critic\u00f3 a la gerencia que est\u00e1 desde hace un a\u00f1o en el hotel: \u201cSe maneja de una manera rara, ninguno de los que est\u00e1 sabe de hoteler\u00eda y gastronom\u00eda, son gerentes, tampoco son due\u00f1os, les da lo mismo a qui\u00e9n echen, no hablan con los trabajadores para saber qu\u00e9 se puede llegar a hacer y se encierran en su oficina\u201d.<\/p>\n","protected":false},"excerpt":{"rendered":"<p>Lo confirm\u00f3 el Secretario General que representa al sector de los hoteleros y gastron\u00f3micos, Jos\u00e9 Trlin Carelli, que tambi\u00e9n asegur\u00f3 que los despedidos ten\u00edan entre 10 y 18 a\u00f1os de antig\u00fcedad en sus puestos. Adem\u00e1s se\u00f1al\u00f3 que la gerencia \u201cest\u00e1 inventando causas para echar gente y no pagarles la indemnizaci\u00f3n correspondiente\u201d &nbsp; &nbsp; El titular de la Uni\u00f3n de Trabajadores del Turismo, Hoteleros y Gastron\u00f3micos de la Rep\u00fablica Argentina (Uthgra)\u00a0 se\u00f1al\u00f3 que las cesant\u00edas comenzaron hace aproximadamente un mes. \u201cLos trabajadores despedidos hasta ahora son 15, se pusieron en contacto&#8230;<\/p>\n","protected":false},"author":3,"featured_media":115390,"comment_status":"closed","ping_status":"closed","sticky":false,"template":"","format":"standard","meta":[],"categories":[15],"tags":[],"_links":{"self":[{"href":"https:\/\/www.actualidadadiario.com\/index.php\/wp-json\/wp\/v2\/posts\/115389"}],"collection":[{"href":"https:\/\/www.actualidadadiario.com\/index.php\/wp-json\/wp\/v2\/posts"}],"about":[{"href":"https:\/\/www.actualidadadiario.com\/index.php\/wp-json\/wp\/v2\/types\/post"}],"author":[{"embeddable":true,"href":"https:\/\/www.actualidadadiario.com\/index.php\/wp-json\/wp\/v2\/users\/3"}],"replies":[{"embeddable":true,"href":"https:\/\/www.actualidadadiario.com\/index.php\/wp-json\/wp\/v2\/comments?post=115389"}],"version-history":[{"count":1,"href":"https:\/\/www.actualidadadiario.com\/index.php\/wp-json\/wp\/v2\/posts\/115389\/revisions"}],"predecessor-version":[{"id":115391,"href":"https:\/\/www.actualidadadiario.com\/index.php\/wp-json\/wp\/v2\/posts\/115389\/revisions\/115391"}],"wp:featuredmedia":[{"embeddable":true,"href":"https:\/\/www.actualidadadiario.com\/index.php\/wp-json\/wp\/v2\/media\/115390"}],"wp:attachment":[{"href":"https:\/\/www.actualidadadiario.com\/index.php\/wp-json\/wp\/v2\/media?parent=115389"}],"wp:term":[{"taxonomy":"category","embeddable":true,"href":"https:\/\/www.actualidadadiario.com\/index.php\/wp-json\/wp\/v2\/categories?post=115389"},{"taxonomy":"post_tag","embeddable":true,"href":"https:\/\/www.actualidadadiario.com\/index.php\/wp-json\/wp\/v2\/tags?post=115389"}],"curies":[{"name":"wp","href":"https:\/\/api.w.org\/{rel}","templated":true}]}}