{"id":115381,"date":"2024-05-30T14:33:03","date_gmt":"2024-05-30T17:33:03","guid":{"rendered":"https:\/\/www.actualidadadiario.com\/?p=115381"},"modified":"2024-05-30T14:33:03","modified_gmt":"2024-05-30T17:33:03","slug":"torturas-e-inanicion-la-dura-denuncia-de-la-defensoria-de-ecuador-por-los-reos-en-las-carceles","status":"publish","type":"post","link":"https:\/\/www.actualidadadiario.com\/index.php\/2024\/05\/30\/torturas-e-inanicion-la-dura-denuncia-de-la-defensoria-de-ecuador-por-los-reos-en-las-carceles\/","title":{"rendered":"Torturas e inanici\u00f3n: La dura denuncia de la Defensor\u00eda de Ecuador por los reos en las c\u00e1rceles"},"content":{"rendered":"<p style=\"text-align: center;\"><em><strong>En ocho provincias se suspendi\u00f3 el servicio de alimentaci\u00f3n a los privados de libertad desde el pasado 1 de mayo<\/strong><\/em><\/p>\n<p>&nbsp;<\/p>\n<p>&nbsp;<\/p>\n<p>La Defensor\u00eda del Pueblo de Ecuador emiti\u00f3 el mi\u00e9rcoles un pronunciamiento en el que inform\u00f3 que entre el 9 de febrero y el 7 de marzo de este a\u00f1o se registraron 24 fallecimientos de presos en c\u00e1rceles de todo el pa\u00eds, que actualmente se encuentran bajo custodia de las Fuerzas Armadas.<\/p>\n<p>El organismo informa que los fallecimientos se dieron en algunos casos por causas naturales y en otros por muertes violentas, &#8220;con indicios de presunta tortura&#8221;, y se\u00f1ala que tambi\u00e9n que &#8220;existen alertas del deceso de personas privadas de libertad con signos de desnutrici\u00f3n&#8221;.<\/p>\n<p>La Defensor\u00eda indica que est\u00e1 realizando el monitoreo de la situaci\u00f3n de falta de provisi\u00f3n de alimentos en las provincias de Esmeraldas, Santo Domingo, Carchi, Imbabura, Pichincha, Cotopaxi, Sucumb\u00edos y Napo, en las cuales se suspendi\u00f3 el servicio de alimentaci\u00f3n desde el pasado 1 de mayo.<\/p>\n<p>La instituci\u00f3n exhorta al Gobierno a garantizar la vida e integridad de los reos, a la Fiscal\u00eda a realizar las investigaciones correspondientes y al Ministerio de Econom\u00eda a garantizar los recursos para la alimentaci\u00f3n de los presos en todo el pa\u00eds.<\/p>\n<p>El pronunciamiento fue emitido despu\u00e9s de que un juez ordenara a la Defensor\u00eda investigar las denuncias de violaciones a los derechos humanos, interpuestas por organizaciones no gubernamentales tras la militarizaci\u00f3n de las prisiones ordenada por el presidente ecuatoriano, Daniel Noboa.<\/p>\n<p>Esa militarizaci\u00f3n se produjo en el marco de los tres estados de excepci\u00f3n que Noboa decret\u00f3 desde comienzos del a\u00f1o con el objetivo de luchar contra las bandas criminales, tras denominarlas de terroristas y calificar la situaci\u00f3n de &#8220;conflicto armado interno&#8221;.<\/p>\n","protected":false},"excerpt":{"rendered":"<p>En ocho provincias se suspendi\u00f3 el servicio de alimentaci\u00f3n a los privados de libertad desde el pasado 1 de mayo &nbsp; &nbsp; La Defensor\u00eda del Pueblo de Ecuador emiti\u00f3 el mi\u00e9rcoles un pronunciamiento en el que inform\u00f3 que entre el 9 de febrero y el 7 de marzo de este a\u00f1o se registraron 24 fallecimientos de presos en c\u00e1rceles de todo el pa\u00eds, que actualmente se encuentran bajo custodia de las Fuerzas Armadas. El organismo informa que los fallecimientos se dieron en algunos casos por causas naturales y en otros&#8230;<\/p>\n","protected":false},"author":3,"featured_media":115382,"comment_status":"closed","ping_status":"closed","sticky":false,"template":"","format":"standard","meta":[],"categories":[4],"tags":[],"_links":{"self":[{"href":"https:\/\/www.actualidadadiario.com\/index.php\/wp-json\/wp\/v2\/posts\/115381"}],"collection":[{"href":"https:\/\/www.actualidadadiario.com\/index.php\/wp-json\/wp\/v2\/posts"}],"about":[{"href":"https:\/\/www.actualidadadiario.com\/index.php\/wp-json\/wp\/v2\/types\/post"}],"author":[{"embeddable":true,"href":"https:\/\/www.actualidadadiario.com\/index.php\/wp-json\/wp\/v2\/users\/3"}],"replies":[{"embeddable":true,"href":"https:\/\/www.actualidadadiario.com\/index.php\/wp-json\/wp\/v2\/comments?post=115381"}],"version-history":[{"count":1,"href":"https:\/\/www.actualidadadiario.com\/index.php\/wp-json\/wp\/v2\/posts\/115381\/revisions"}],"predecessor-version":[{"id":115383,"href":"https:\/\/www.actualidadadiario.com\/index.php\/wp-json\/wp\/v2\/posts\/115381\/revisions\/115383"}],"wp:featuredmedia":[{"embeddable":true,"href":"https:\/\/www.actualidadadiario.com\/index.php\/wp-json\/wp\/v2\/media\/115382"}],"wp:attachment":[{"href":"https:\/\/www.actualidadadiario.com\/index.php\/wp-json\/wp\/v2\/media?parent=115381"}],"wp:term":[{"taxonomy":"category","embeddable":true,"href":"https:\/\/www.actualidadadiario.com\/index.php\/wp-json\/wp\/v2\/categories?post=115381"},{"taxonomy":"post_tag","embeddable":true,"href":"https:\/\/www.actualidadadiario.com\/index.php\/wp-json\/wp\/v2\/tags?post=115381"}],"curies":[{"name":"wp","href":"https:\/\/api.w.org\/{rel}","templated":true}]}}