{"id":115372,"date":"2024-05-30T14:28:38","date_gmt":"2024-05-30T17:28:38","guid":{"rendered":"https:\/\/www.actualidadadiario.com\/?p=115372"},"modified":"2024-05-30T14:28:38","modified_gmt":"2024-05-30T17:28:38","slug":"las-temperaturas-extremas-se-cobraron-61-vidas-en-mexico","status":"publish","type":"post","link":"https:\/\/www.actualidadadiario.com\/index.php\/2024\/05\/30\/las-temperaturas-extremas-se-cobraron-61-vidas-en-mexico\/","title":{"rendered":"Las temperaturas extremas se cobraron 61 vidas en M\u00e9xico"},"content":{"rendered":"<p style=\"text-align: center;\"><em><strong>A 61 subi\u00f3 el n\u00famero de muertos por las temperaturas extremas, de m\u00e1s de 45 grados cent\u00edgrados, que se reportan en la mayor parte de M\u00e9xico, inform\u00f3 la Secretar\u00eda (ministerio) de Salud<\/strong><\/em><\/p>\n<p>&nbsp;<\/p>\n<p>&nbsp;<\/p>\n<p>&nbsp;<\/p>\n<p>El \u00faltimo informe del ministerio mexicano releva que la mayor\u00eda de las defunciones fueron por golpe de calor y deshidrataci\u00f3n y ocurrieron en los estados de Veracruz, Tabasco, San Luis Potos\u00ed y Tamaulipas.<\/p>\n<p>Adem\u00e1s, hasta el 28 de mayo, se tiene un acumulado de 1.346 casos de da\u00f1os a la salud por las altas temperaturas en todo el pa\u00eds.<\/p>\n<p>De acuerdo con David Adams, investigador del Instituto de Ciencias de la Atm\u00f3sfera y Cambio Clim\u00e1tico de la Universidad Nacional Aut\u00f3noma de M\u00e9xico (UNAM), la alta presi\u00f3n que se mantuvo fija en el pa\u00eds, as\u00ed como la urbanizaci\u00f3n, fueron factores importantes de la intensa ola de calor. &#8220;La alta presi\u00f3n se est\u00e1 fijando ahora porque estamos en una transici\u00f3n entre El Ni\u00f1o y La Ni\u00f1a y eso puede afectar la circulaci\u00f3n hemisf\u00e9rica, o sea, toda Am\u00e9rica del Norte y Am\u00e9rica del Sur, y eso puede determinar si esta alta presi\u00f3n se hace m\u00e1s fuerte o se queda&#8221;, explic\u00f3 Adams a la agencia de noticias Xinhua.<\/p>\n","protected":false},"excerpt":{"rendered":"<p>A 61 subi\u00f3 el n\u00famero de muertos por las temperaturas extremas, de m\u00e1s de 45 grados cent\u00edgrados, que se reportan en la mayor parte de M\u00e9xico, inform\u00f3 la Secretar\u00eda (ministerio) de Salud &nbsp; &nbsp; &nbsp; El \u00faltimo informe del ministerio mexicano releva que la mayor\u00eda de las defunciones fueron por golpe de calor y deshidrataci\u00f3n y ocurrieron en los estados de Veracruz, Tabasco, San Luis Potos\u00ed y Tamaulipas. Adem\u00e1s, hasta el 28 de mayo, se tiene un acumulado de 1.346 casos de da\u00f1os a la salud por las altas temperaturas&#8230;<\/p>\n","protected":false},"author":3,"featured_media":115373,"comment_status":"closed","ping_status":"closed","sticky":false,"template":"","format":"standard","meta":[],"categories":[4],"tags":[],"_links":{"self":[{"href":"https:\/\/www.actualidadadiario.com\/index.php\/wp-json\/wp\/v2\/posts\/115372"}],"collection":[{"href":"https:\/\/www.actualidadadiario.com\/index.php\/wp-json\/wp\/v2\/posts"}],"about":[{"href":"https:\/\/www.actualidadadiario.com\/index.php\/wp-json\/wp\/v2\/types\/post"}],"author":[{"embeddable":true,"href":"https:\/\/www.actualidadadiario.com\/index.php\/wp-json\/wp\/v2\/users\/3"}],"replies":[{"embeddable":true,"href":"https:\/\/www.actualidadadiario.com\/index.php\/wp-json\/wp\/v2\/comments?post=115372"}],"version-history":[{"count":1,"href":"https:\/\/www.actualidadadiario.com\/index.php\/wp-json\/wp\/v2\/posts\/115372\/revisions"}],"predecessor-version":[{"id":115374,"href":"https:\/\/www.actualidadadiario.com\/index.php\/wp-json\/wp\/v2\/posts\/115372\/revisions\/115374"}],"wp:featuredmedia":[{"embeddable":true,"href":"https:\/\/www.actualidadadiario.com\/index.php\/wp-json\/wp\/v2\/media\/115373"}],"wp:attachment":[{"href":"https:\/\/www.actualidadadiario.com\/index.php\/wp-json\/wp\/v2\/media?parent=115372"}],"wp:term":[{"taxonomy":"category","embeddable":true,"href":"https:\/\/www.actualidadadiario.com\/index.php\/wp-json\/wp\/v2\/categories?post=115372"},{"taxonomy":"post_tag","embeddable":true,"href":"https:\/\/www.actualidadadiario.com\/index.php\/wp-json\/wp\/v2\/tags?post=115372"}],"curies":[{"name":"wp","href":"https:\/\/api.w.org\/{rel}","templated":true}]}}