{"id":115366,"date":"2024-05-30T12:26:27","date_gmt":"2024-05-30T15:26:27","guid":{"rendered":"https:\/\/www.actualidadadiario.com\/?p=115366"},"modified":"2024-05-30T12:26:27","modified_gmt":"2024-05-30T15:26:27","slug":"brasil-retira-a-su-embajador-en-israel-y-no-designa-reemplazante","status":"publish","type":"post","link":"https:\/\/www.actualidadadiario.com\/index.php\/2024\/05\/30\/brasil-retira-a-su-embajador-en-israel-y-no-designa-reemplazante\/","title":{"rendered":"Brasil retira a su embajador en Israel y no designa reemplazante"},"content":{"rendered":"<p style=\"text-align: center;\"><em><strong>El mandatario ser\u00e1 enviado a representar al pa\u00eds ante la ONU. La decisi\u00f3n del presidente Lula Da Silva se da en medio de una tensi\u00f3n diplom\u00e1tica con Israel por su accionar en Gaza<\/strong><\/em><\/p>\n<p>&nbsp;<\/p>\n<p>&nbsp;<\/p>\n<p>El presidente brasile\u00f1o, Luiz In\u00e1cio &#8220;Lula&#8221; Da Silva, retir\u00f3 a su embajador en Israel, Frederico Meyer, y lo envi\u00f3 como su representante especial en Ginebra, seg\u00fan public\u00f3 este mi\u00e9rcoles el bolet\u00edn oficial. En el comunicado no se design\u00f3 reemplazante.<\/p>\n<p>La salida del funcionario se produce pocos meses despu\u00e9s de que el presidente de Brasil lo llamara para que regrese al pa\u00eds. Este hecho tuvo lugar luego de que el ministro israel\u00ed de Asuntos Exteriores, Israel Katz, convocara a Meyer para comunicarle que Lula era considerado &#8220;persona non grata&#8221; en el pa\u00eds de Oriente Medio.<\/p>\n<p>La medida de Israel fue en respuesta a las declaraciones del mandatario brasile\u00f1o en las que comparaba la guerra de Israel en la Franja de Gaza con el Holocausto.<\/p>\n<p>Desde entonces, Meyer no volvi\u00f3 al Estado jud\u00edo, y tampoco lo har\u00e1 pr\u00f3ximamente ya que ser\u00e1 representante especial de Brasil ante las Naciones Unidas y otras organizaciones internacionales en Ginebra.<\/p>\n<p>&nbsp;<\/p>\n<p><strong>El cruce entre Israel y Brasil por la guerra en Gaza<\/strong><\/p>\n<p>Durante la 37\u00aa Cumbre Ordinaria de Jefes de Estado y de Gobierno de la Uni\u00f3n Africana (UA), celebrada en febrero de este a\u00f1o, el dirigente brasile\u00f1o critic\u00f3 la guerra que Israel mantiene en la Franja Gaza, donde murieron m\u00e1s de 36.000 palestinos.<\/p>\n<p>\u201cLo que est\u00e1 ocurriendo en la Franja de Gaza no es una guerra, es un genocidio\u201d, dijo Lula y lo compar\u00f3 con el Holocausto al se\u00f1alar que &#8220;una guerra entre un ej\u00e9rcito muy preparado contra mujeres y ni\u00f1os no hab\u00eda ocurrido antes en la historia, salvo cuando Hitler decidi\u00f3 matar a los jud\u00edos\u201d.<\/p>\n<p>Luego de este evento, el ministro israel\u00ed de Exteriores convoc\u00f3 al embajador brasile\u00f1o en el Museo del Holocausto y se\u00f1al\u00f3: &#8220;Este lugar atestigua m\u00e1s que cualquier otra cosa lo que los nazis y Hitler hicieron a los jud\u00edos, incluidos miembros de mi familia\u201d.<\/p>\n<p>El primer ministro israel\u00ed, Benjamin Netanyahu tambi\u00e9n reaccion\u00f3 ante estos dichos y calific\u00f3 las palabras de Lula de &#8220;vergonzosas y graves&#8221;. En un comunicado oficial, argument\u00f3 que buscan &#8220;trivializar el Holocausto y el derecho de Israel a defenderse&#8221;.<\/p>\n<p>Los ataques en Gaza tienen lugar desde el 7 de octubre tras el ataque de Ham\u00e1s en suelo israel\u00ed en el que murieron unas 1.200 personas y m\u00e1s de 250 fueron tomadas como rehenes. Desde ese entonces, Israel lucha por erradicar a la organizaci\u00f3n terrorista y asegura que su objetivo es acabar con las \u00faltimas grandes formaciones de combatientes de Ham\u00e1s refugiadas en R\u00e1fah y rescatar a los rehenes que a\u00fan se encuentran en el territorio.<\/p>\n","protected":false},"excerpt":{"rendered":"<p>El mandatario ser\u00e1 enviado a representar al pa\u00eds ante la ONU. La decisi\u00f3n del presidente Lula Da Silva se da en medio de una tensi\u00f3n diplom\u00e1tica con Israel por su accionar en Gaza &nbsp; &nbsp; El presidente brasile\u00f1o, Luiz In\u00e1cio &#8220;Lula&#8221; Da Silva, retir\u00f3 a su embajador en Israel, Frederico Meyer, y lo envi\u00f3 como su representante especial en Ginebra, seg\u00fan public\u00f3 este mi\u00e9rcoles el bolet\u00edn oficial. En el comunicado no se design\u00f3 reemplazante. La salida del funcionario se produce pocos meses despu\u00e9s de que el presidente de Brasil lo&#8230;<\/p>\n","protected":false},"author":3,"featured_media":115367,"comment_status":"closed","ping_status":"closed","sticky":false,"template":"","format":"standard","meta":[],"categories":[4],"tags":[],"_links":{"self":[{"href":"https:\/\/www.actualidadadiario.com\/index.php\/wp-json\/wp\/v2\/posts\/115366"}],"collection":[{"href":"https:\/\/www.actualidadadiario.com\/index.php\/wp-json\/wp\/v2\/posts"}],"about":[{"href":"https:\/\/www.actualidadadiario.com\/index.php\/wp-json\/wp\/v2\/types\/post"}],"author":[{"embeddable":true,"href":"https:\/\/www.actualidadadiario.com\/index.php\/wp-json\/wp\/v2\/users\/3"}],"replies":[{"embeddable":true,"href":"https:\/\/www.actualidadadiario.com\/index.php\/wp-json\/wp\/v2\/comments?post=115366"}],"version-history":[{"count":1,"href":"https:\/\/www.actualidadadiario.com\/index.php\/wp-json\/wp\/v2\/posts\/115366\/revisions"}],"predecessor-version":[{"id":115368,"href":"https:\/\/www.actualidadadiario.com\/index.php\/wp-json\/wp\/v2\/posts\/115366\/revisions\/115368"}],"wp:featuredmedia":[{"embeddable":true,"href":"https:\/\/www.actualidadadiario.com\/index.php\/wp-json\/wp\/v2\/media\/115367"}],"wp:attachment":[{"href":"https:\/\/www.actualidadadiario.com\/index.php\/wp-json\/wp\/v2\/media?parent=115366"}],"wp:term":[{"taxonomy":"category","embeddable":true,"href":"https:\/\/www.actualidadadiario.com\/index.php\/wp-json\/wp\/v2\/categories?post=115366"},{"taxonomy":"post_tag","embeddable":true,"href":"https:\/\/www.actualidadadiario.com\/index.php\/wp-json\/wp\/v2\/tags?post=115366"}],"curies":[{"name":"wp","href":"https:\/\/api.w.org\/{rel}","templated":true}]}}