{"id":115360,"date":"2024-05-30T12:19:29","date_gmt":"2024-05-30T15:19:29","guid":{"rendered":"https:\/\/www.actualidadadiario.com\/?p=115360"},"modified":"2024-05-30T12:19:29","modified_gmt":"2024-05-30T15:19:29","slug":"la-estrategia-de-macri-para-relanzar-al-pro-en-junio-y-que-bullrich-se-vaya","status":"publish","type":"post","link":"https:\/\/www.actualidadadiario.com\/index.php\/2024\/05\/30\/la-estrategia-de-macri-para-relanzar-al-pro-en-junio-y-que-bullrich-se-vaya\/","title":{"rendered":"La estrategia de Macri para relanzar al PRO en junio y que Bullrich se vaya"},"content":{"rendered":"<p style=\"text-align: center;\"><em><strong>El expresidente, quien recuper\u00f3 la titularidad del partido que fund\u00f3 hace 20 a\u00f1os, buscar\u00e1 a marcar todas las diferencias con el gobierno de Javier Milei y despegarse de La Libertad Avanza. LA estrategia para que la ministra &#8220;se vaya sola&#8221;<\/strong><\/em><\/p>\n<p>&nbsp;<\/p>\n<p>&nbsp;<\/p>\n<p>En medio de la fuerte interna del PRO, que Patricia Bullrich describi\u00f3 como &#8220;golpe de Estado&#8221;,\u00a0 el expresidente Mauricio Macri realizar\u00e1 un relanzamiento del partido amarilo en junio con el objetivo de dejar afuera a la ministra de Javier Milei.<\/p>\n<p>El l\u00edder del PRO que\u00a0 Macri, quien recuper\u00f3 hace apenas dos semanas el manejo del partido que fund\u00f3 hace 20 a\u00f1os buscar\u00e1\u00a0 &#8220;marcar todas las diferencias que tiene con el gobierno de Javier Milei, algo que no ven\u00eda sucediendo&#8221;.<\/p>\n<p>Macri tiene sus ojos puestos en las futuras elecciones de la filial bonaerense del PRO, luego de la ruptura de los bloques en la legislatura provincial. El problema central fue en la C\u00e1mara baja, donde dejaron el espacio cinco diputados, mientras en la C\u00e1mara alta solo una legisladora decidi\u00f3 irse.<\/p>\n<p>Macri piensa que con esa jugada, Bullrich qued\u00f3 en una posici\u00f3n desfavorable y desde su entorno hacen c\u00e1lculos sobre la cantidad de fieles de Bullrich en el Congreso, en las distintas legislaturas, en las gobernaciones y en las intendencias. Y parece que el l\u00edder amarillo ganar\u00eda.<\/p>\n<p>&#8220;Sola se va a tener que ir&#8221;, se\u00f1alan fuentes de la mesa chica del titular del PRO a La Pol\u00edtica Online. La estrategia de Macri es cercar a Bullrich y dejarla sin apoyos dentro del PRO para forzarla a irse. Los crecientes desplantes de la ministra de Milei a los amarillos y su intenci\u00f3n de fusionarse con La Libertad Avanza ya molestan al expresidente.<\/p>\n<p>La \u00faltima pol\u00e9mica de la ministra de Seguridad fue su acusaci\u00f3n contra Ritondo de haber hecho un &#8220;golpe de Estado&#8221; en la Lesgislatura bonaerense. &#8220;Si tengo una institucionalidad y tengo mandato hasta 2026 y me renuncia toda la gente para adelantar las elecciones, \u00bfc\u00f3mo se llama eso? Golpe de Estado. \u00bfC\u00f3mo le contestaron los diputados? Bueno, si ac\u00e1 no nos quieren, nos quieren echar, nosotros vamos a agruparnos en el PRO Libertad&#8221;, hab\u00eda sostenido Bullrich. R\u00e1pidamente Ritodondo sali\u00f3 al cruce.<\/p>\n<p>&#8220;Los deseos de ella no se van a cumplir. El PRO se va a mantener, le vamos a dar una identidad nueva y va a crecer&#8221;, consider\u00f3 una fuente de los armadores de Macri.<\/p>\n","protected":false},"excerpt":{"rendered":"<p>El expresidente, quien recuper\u00f3 la titularidad del partido que fund\u00f3 hace 20 a\u00f1os, buscar\u00e1 a marcar todas las diferencias con el gobierno de Javier Milei y despegarse de La Libertad Avanza. LA estrategia para que la ministra &#8220;se vaya sola&#8221; &nbsp; &nbsp; En medio de la fuerte interna del PRO, que Patricia Bullrich describi\u00f3 como &#8220;golpe de Estado&#8221;,\u00a0 el expresidente Mauricio Macri realizar\u00e1 un relanzamiento del partido amarilo en junio con el objetivo de dejar afuera a la ministra de Javier Milei. El l\u00edder del PRO que\u00a0 Macri, quien recuper\u00f3&#8230;<\/p>\n","protected":false},"author":3,"featured_media":115361,"comment_status":"closed","ping_status":"closed","sticky":false,"template":"","format":"standard","meta":[],"categories":[18],"tags":[],"_links":{"self":[{"href":"https:\/\/www.actualidadadiario.com\/index.php\/wp-json\/wp\/v2\/posts\/115360"}],"collection":[{"href":"https:\/\/www.actualidadadiario.com\/index.php\/wp-json\/wp\/v2\/posts"}],"about":[{"href":"https:\/\/www.actualidadadiario.com\/index.php\/wp-json\/wp\/v2\/types\/post"}],"author":[{"embeddable":true,"href":"https:\/\/www.actualidadadiario.com\/index.php\/wp-json\/wp\/v2\/users\/3"}],"replies":[{"embeddable":true,"href":"https:\/\/www.actualidadadiario.com\/index.php\/wp-json\/wp\/v2\/comments?post=115360"}],"version-history":[{"count":1,"href":"https:\/\/www.actualidadadiario.com\/index.php\/wp-json\/wp\/v2\/posts\/115360\/revisions"}],"predecessor-version":[{"id":115362,"href":"https:\/\/www.actualidadadiario.com\/index.php\/wp-json\/wp\/v2\/posts\/115360\/revisions\/115362"}],"wp:featuredmedia":[{"embeddable":true,"href":"https:\/\/www.actualidadadiario.com\/index.php\/wp-json\/wp\/v2\/media\/115361"}],"wp:attachment":[{"href":"https:\/\/www.actualidadadiario.com\/index.php\/wp-json\/wp\/v2\/media?parent=115360"}],"wp:term":[{"taxonomy":"category","embeddable":true,"href":"https:\/\/www.actualidadadiario.com\/index.php\/wp-json\/wp\/v2\/categories?post=115360"},{"taxonomy":"post_tag","embeddable":true,"href":"https:\/\/www.actualidadadiario.com\/index.php\/wp-json\/wp\/v2\/tags?post=115360"}],"curies":[{"name":"wp","href":"https:\/\/api.w.org\/{rel}","templated":true}]}}