{"id":115357,"date":"2024-05-30T12:11:32","date_gmt":"2024-05-30T15:11:32","guid":{"rendered":"https:\/\/www.actualidadadiario.com\/?p=115357"},"modified":"2024-05-30T12:11:32","modified_gmt":"2024-05-30T15:11:32","slug":"como-sigue-la-agenda-de-javier-milei-en-eeuu","status":"publish","type":"post","link":"https:\/\/www.actualidadadiario.com\/index.php\/2024\/05\/30\/como-sigue-la-agenda-de-javier-milei-en-eeuu\/","title":{"rendered":"C\u00f3mo sigue la agenda de Javier Milei en EEUU"},"content":{"rendered":"<p>El libertario se reunir\u00e1 este jueves con el CEO de Meta. Este mi\u00e9rcoles, tambi\u00e9n se reuni\u00f3 con el CEO de Google, Sundar Pichai<\/p>\n<p>&nbsp;<\/p>\n<p>&nbsp;<\/p>\n<p>El presidente Javier Milei contin\u00faa en su gira en Estados Unidos que tiene como objetivo concretar reuniones con empresarios de grandes empresas tecnol\u00f3gicas. En este marco, \u00bfc\u00f3mo sigue la agenda del mandatario de este jueves?<\/p>\n<p>Este mi\u00e9rcoles, Milei y la comitiva argentina mantuvieron una reuni\u00f3n con el CEO de Apple, Tim Cook, en las oficinas centrales de la empresa en Cupertino, California.<\/p>\n<p>En el segundo d\u00eda de su nuevo viaje a Estados Unidos, el libertario tambi\u00e9n se reuni\u00f3 con el CEO de Google, Sundar Pichai, en las oficinas centrales de la empresa en Mountain View, California, y con la Directora del Instituci\u00f3n Hoover y ex Secretaria de Estado de los Estados Unidos, Condolezza Rice.<\/p>\n<p>Adem\u00e1s, brind\u00f3 una conferencia en el Instituto Hoover de la Universidad de Stanford, presentado por Condolezza Rice, la directora de la Instituci\u00f3n y exconsejera de Seguridad Nacional y exsecretaria de Estado durante la presidencia de George Bush (h).<\/p>\n<p>All\u00ed, el Presidente expres\u00f3 una nueva pol\u00e9mica frase sobre el hambre en Argentina: &#8220;Va a llegar un momento donde la gente se va a morir de hambre. De alguna manera va a decidir algo para no morirse. No necesito intervenir. Alguien lo va a resolver&#8221;.<\/p>\n<p>&nbsp;<\/p>\n<p><strong>La agenda de Javier Milei en Estados Unidos del jueves 30 de mayo<\/strong><\/p>\n<p>En tanto, as\u00ed ser\u00e1 la agenda oficial del mandatario de este jueves:<\/p>\n<p>&nbsp;<\/p>\n<ul>\n<li>14:00 (hora argentina): El Presidente Javier Milei se re\u00fane con empresarios de Start Ups del sector de la Inteligencia Artificial en San Francisco, Estados Unidos.<\/li>\n<li>19:45: El Presidente diserta en el Pacific Summit, organizado por Bay Area Council.<\/li>\n<li>20:15: El Presidente se re\u00fane con el CEO de Meta, Mark Zuckerberg.<\/li>\n<\/ul>\n<p>&nbsp;<\/p>\n<p><strong>El cruce de Javier Milei con manifestantes propalestina en EEUU: le gritaron &#8220;fascista&#8221; y los tild\u00f3 de &#8220;burros&#8221;<\/strong><\/p>\n<p>El presidente Javier Milei visit\u00f3 este mi\u00e9rcoles la sede de la Universidad de Stanford para dar una charla sobre econom\u00eda, capitalismo y monopolios, en el marco de su gira por EEUU para reunirse con directivos de grandes compa\u00f1\u00edas tecnol\u00f3gicas. Al abandonar el lugar, el libertario tuvo un cruce con manifestantes pro palestina.<\/p>\n<p>Convocado por el Instituto Hoover de la casa de estudios estadounidense, el jefe de Estado dio una charla de 50 minutos en la que se explay\u00f3 sobre los temas principales de su \u00faltimo libro &#8220;Capitalismo, socialismo y la trampa neocl\u00e1sica&#8221;. All\u00ed, entre otras cosas, destac\u00f3 el trabajo de su ministro de Econom\u00eda, Luis Caputo, de quien dijo que hizo &#8220;el ajuste m\u00e1s grande de la historia de la humanidad&#8221;.<\/p>\n<p>A la salida del evento, Milei, reconocido por ser un ac\u00e9rrimo defensor de la doctrina belicista del Gobierno de Israel en la disputa territorial con Palestina, fue increpado por un grupo de manifestantes propalestina. &#8220;Milei, fascista, no queremos tu visita&#8221;, le gritaron al mandatario argentino, cuando se aprestaba para abandonar el terreno de la universidad.<\/p>\n","protected":false},"excerpt":{"rendered":"<p>El libertario se reunir\u00e1 este jueves con el CEO de Meta. Este mi\u00e9rcoles, tambi\u00e9n se reuni\u00f3 con el CEO de Google, Sundar Pichai &nbsp; &nbsp; El presidente Javier Milei contin\u00faa en su gira en Estados Unidos que tiene como objetivo concretar reuniones con empresarios de grandes empresas tecnol\u00f3gicas. En este marco, \u00bfc\u00f3mo sigue la agenda del mandatario de este jueves? Este mi\u00e9rcoles, Milei y la comitiva argentina mantuvieron una reuni\u00f3n con el CEO de Apple, Tim Cook, en las oficinas centrales de la empresa en Cupertino, California. En el segundo&#8230;<\/p>\n","protected":false},"author":3,"featured_media":115358,"comment_status":"closed","ping_status":"closed","sticky":false,"template":"","format":"standard","meta":[],"categories":[18],"tags":[],"_links":{"self":[{"href":"https:\/\/www.actualidadadiario.com\/index.php\/wp-json\/wp\/v2\/posts\/115357"}],"collection":[{"href":"https:\/\/www.actualidadadiario.com\/index.php\/wp-json\/wp\/v2\/posts"}],"about":[{"href":"https:\/\/www.actualidadadiario.com\/index.php\/wp-json\/wp\/v2\/types\/post"}],"author":[{"embeddable":true,"href":"https:\/\/www.actualidadadiario.com\/index.php\/wp-json\/wp\/v2\/users\/3"}],"replies":[{"embeddable":true,"href":"https:\/\/www.actualidadadiario.com\/index.php\/wp-json\/wp\/v2\/comments?post=115357"}],"version-history":[{"count":1,"href":"https:\/\/www.actualidadadiario.com\/index.php\/wp-json\/wp\/v2\/posts\/115357\/revisions"}],"predecessor-version":[{"id":115359,"href":"https:\/\/www.actualidadadiario.com\/index.php\/wp-json\/wp\/v2\/posts\/115357\/revisions\/115359"}],"wp:featuredmedia":[{"embeddable":true,"href":"https:\/\/www.actualidadadiario.com\/index.php\/wp-json\/wp\/v2\/media\/115358"}],"wp:attachment":[{"href":"https:\/\/www.actualidadadiario.com\/index.php\/wp-json\/wp\/v2\/media?parent=115357"}],"wp:term":[{"taxonomy":"category","embeddable":true,"href":"https:\/\/www.actualidadadiario.com\/index.php\/wp-json\/wp\/v2\/categories?post=115357"},{"taxonomy":"post_tag","embeddable":true,"href":"https:\/\/www.actualidadadiario.com\/index.php\/wp-json\/wp\/v2\/tags?post=115357"}],"curies":[{"name":"wp","href":"https:\/\/api.w.org\/{rel}","templated":true}]}}