{"id":115354,"date":"2024-05-30T12:10:14","date_gmt":"2024-05-30T15:10:14","guid":{"rendered":"https:\/\/www.actualidadadiario.com\/?p=115354"},"modified":"2024-05-30T12:10:14","modified_gmt":"2024-05-30T15:10:14","slug":"francos-busco-disipar-los-rumores-no-esta-previsto-ningun-cambio-de-gabinete","status":"publish","type":"post","link":"https:\/\/www.actualidadadiario.com\/index.php\/2024\/05\/30\/francos-busco-disipar-los-rumores-no-esta-previsto-ningun-cambio-de-gabinete\/","title":{"rendered":"Francos busc\u00f3 disipar los rumores: \u201cNo est\u00e1 previsto ning\u00fan cambio de Gabinete\u201d"},"content":{"rendered":"<p style=\"text-align: center;\"><em><strong>El jefe de Gabinete descart\u00f3 nuevos movimientos en el equipo de Javier Milei y anticip\u00f3 que el Presidente se reunir\u00e1 con Federico Sturzenegger al regresar de su gira por Estados Unidos para ofrecerle una cartera<\/strong><\/em><\/p>\n<p>&nbsp;<\/p>\n<p>&nbsp;<\/p>\n<p>En medio de los rumores de nuevos despidos de ministros, el flamante jefe de Gabinete, Guillermo Francos, descart\u00f3 nuevos cambios en el equipo de gobierno, aunque adelant\u00f3 que el presidente Javier Milei tendr\u00e1 una reuni\u00f3n con Federico Sturzenegger para resolver el Ministerio que quedar\u00e1 a su cargo.<\/p>\n<p>\u201cNo est\u00e1 previsto ning\u00fan cambio de Gabinete\u201d, remarc\u00f3 Francos esta ma\u00f1ana durante una entrevista en Radio Urbana Play frente a los rumores. Sin embargo, s\u00ed dijo que est\u00e1 previsto el cargo que ocupar\u00e1 Federico Sturzenegger que, afirm\u00f3, se definir\u00e1 cuando el Presidente regrese de su viaje por Estados Unidos.<\/p>\n<p>Seg\u00fan explic\u00f3 el coordinador de los ministros todo depender\u00e1 de la decisi\u00f3n del exfuncionario macrista: \u201cEst\u00e1 previsto resolver el \u00e1rea que va a tener a su cargo Federico Sturzenneger si obviamente \u00e9l est\u00e1 dispuesto a participar del Gobierno. No es una decisi\u00f3n unilateral, es una decisi\u00f3n que tendr\u00e1 que tener el Presidente, que se reunir\u00e1 con Federico Sturzenneger para ver qu\u00e9 funci\u00f3n le ofrece y si (este) est\u00e1 dispuesto a llevarla adelante\u201d.<\/p>\n<p>Durante una conferencia de prensa, en su primer d\u00eda, el jefe de Gabinete hab\u00eda se\u00f1alado que Sturzenegger tendr\u00e1 rol de ministro en una nueva cartera. &#8220;Es una decisi\u00f3n del Presidente de la Naci\u00f3n que Federico Sturzenegger se incorpore al Gabinete, en un Ministerio cuyo nombre se va a resolver en los pr\u00f3ximos d\u00edas pero que va a tener que ver con el tema de modernizaci\u00f3n del Estado y desregulaci\u00f3n econ\u00f3mica&#8221;.<\/p>\n<p>&nbsp;<\/p>\n<p><strong>Sobre la crisis del gas: \u201cFue un tema imprevisible\u201d<\/strong><\/p>\n<p>Francos tambi\u00e9n fue consultado sobre la falta de gas que afect\u00f3 esta semana a gran parte de la industria y al sector del GNC, y consider\u00f3 que \u201cfue un tema absolutamente circunstancial e imprevisible que tiene varios or\u00edgenes\u201d.<\/p>\n<p>\u201cEl barco se compr\u00f3 hace tres o cuatro d\u00edas porque se vio que iba a haber una falta de gas en las redes. Este mes de mayo se produjo un fen\u00f3meno clim\u00e1tico no habitual, que fue que la temperatura del mes fue 10 grados menor al promedio, y eso duplic\u00f3 el consumo de gas en este per\u00edodo. Estaba previsto una serie de adquisiciones de barcos de gas licuado, pero se produjo este pico final en funci\u00f3n de c\u00f3mo son las tarifas de gas&#8221;, explic\u00f3 el ministro y agreg\u00f3: &#8220;Hay un protocolo de c\u00f3mo se corta en cada momento, por supuesto se protege el gas domiciliario. Ayer hubo que cortar durante unas horas, pero ya est\u00e1 repuesto\u201d.<\/p>\n<p>En l\u00ednea con el Gobierno, el jefe de los ministros responsabiliz\u00f3 a la gesti\u00f3n anterior de Alberto Fern\u00e1ndez por la falta de finalizaci\u00f3n del \u00faltimo tramo del gasoducto N\u00e9stor Kirchner y de la ca\u00edda del contrato con Bolivia, aunque aclar\u00f3 que todo est\u00e1 solucionado y afirm\u00f3 que la obra estar\u00e1 terminada entre agosto y septiembre pr\u00f3ximos.<\/p>\n<p>Finalmente, pese a la advertencia del sector, descart\u00f3 nuevos problemas: \u201cEl suministro de gas est\u00e1 perfectamente contratado y garantizado para el futuro\u201d, subray\u00f3.<\/p>\n","protected":false},"excerpt":{"rendered":"<p>El jefe de Gabinete descart\u00f3 nuevos movimientos en el equipo de Javier Milei y anticip\u00f3 que el Presidente se reunir\u00e1 con Federico Sturzenegger al regresar de su gira por Estados Unidos para ofrecerle una cartera &nbsp; &nbsp; En medio de los rumores de nuevos despidos de ministros, el flamante jefe de Gabinete, Guillermo Francos, descart\u00f3 nuevos cambios en el equipo de gobierno, aunque adelant\u00f3 que el presidente Javier Milei tendr\u00e1 una reuni\u00f3n con Federico Sturzenegger para resolver el Ministerio que quedar\u00e1 a su cargo. \u201cNo est\u00e1 previsto ning\u00fan cambio de&#8230;<\/p>\n","protected":false},"author":3,"featured_media":115355,"comment_status":"closed","ping_status":"closed","sticky":false,"template":"","format":"standard","meta":[],"categories":[18],"tags":[],"_links":{"self":[{"href":"https:\/\/www.actualidadadiario.com\/index.php\/wp-json\/wp\/v2\/posts\/115354"}],"collection":[{"href":"https:\/\/www.actualidadadiario.com\/index.php\/wp-json\/wp\/v2\/posts"}],"about":[{"href":"https:\/\/www.actualidadadiario.com\/index.php\/wp-json\/wp\/v2\/types\/post"}],"author":[{"embeddable":true,"href":"https:\/\/www.actualidadadiario.com\/index.php\/wp-json\/wp\/v2\/users\/3"}],"replies":[{"embeddable":true,"href":"https:\/\/www.actualidadadiario.com\/index.php\/wp-json\/wp\/v2\/comments?post=115354"}],"version-history":[{"count":1,"href":"https:\/\/www.actualidadadiario.com\/index.php\/wp-json\/wp\/v2\/posts\/115354\/revisions"}],"predecessor-version":[{"id":115356,"href":"https:\/\/www.actualidadadiario.com\/index.php\/wp-json\/wp\/v2\/posts\/115354\/revisions\/115356"}],"wp:featuredmedia":[{"embeddable":true,"href":"https:\/\/www.actualidadadiario.com\/index.php\/wp-json\/wp\/v2\/media\/115355"}],"wp:attachment":[{"href":"https:\/\/www.actualidadadiario.com\/index.php\/wp-json\/wp\/v2\/media?parent=115354"}],"wp:term":[{"taxonomy":"category","embeddable":true,"href":"https:\/\/www.actualidadadiario.com\/index.php\/wp-json\/wp\/v2\/categories?post=115354"},{"taxonomy":"post_tag","embeddable":true,"href":"https:\/\/www.actualidadadiario.com\/index.php\/wp-json\/wp\/v2\/tags?post=115354"}],"curies":[{"name":"wp","href":"https:\/\/api.w.org\/{rel}","templated":true}]}}