{"id":115352,"date":"2024-05-30T12:09:02","date_gmt":"2024-05-30T15:09:02","guid":{"rendered":"https:\/\/www.actualidadadiario.com\/?p=115352"},"modified":"2024-05-30T12:09:02","modified_gmt":"2024-05-30T15:09:02","slug":"tras-la-polemica-los-senadores-pidieron-retrotraer-el-aumento-de-sus-dietas","status":"publish","type":"post","link":"https:\/\/www.actualidadadiario.com\/index.php\/2024\/05\/30\/tras-la-polemica-los-senadores-pidieron-retrotraer-el-aumento-de-sus-dietas\/","title":{"rendered":"Tras la pol\u00e9mica, los senadores pidieron retrotraer el aumento de sus dietas"},"content":{"rendered":"<p style=\"text-align: center;\"><em><strong>A trav\u00e9s de una nota firmada por todos los jefes de bloque enviada a Victoria Villarruel, los legisladores pidieron dar marcha atr\u00e1s con el incremento del 9% que hab\u00edan recibido, a trav\u00e9s de la paritaria de los trabajadores del Congreso<\/strong><\/em><\/p>\n<p>&nbsp;<\/p>\n<p>&nbsp;<\/p>\n<p>Luego de la pol\u00e9mica surgida a ra\u00edz de un nuevo aumento del 9% para las dietas de los senadores, que alcanzar\u00edan los $8.000.000, los propios legisladores pidieron retrotraer este incremento y cobrar en junio lo mismo que este mes. A trav\u00e9s de una nota firmada por todos los jefes de bloque enviada a la vicepresidenta Victoria Villarruel, explicitaron la solicitud para no modificar sus sueldos &#8220;hasta tanto se determine un nuevo sistema de liquidaci\u00f3n en funci\u00f3n de los varios proyectos que se encuentran pendientes de tratamiento en relaci\u00f3n a este asunto&#8221;.<\/p>\n<p>En caso de que se concretara la nueva suba, las dietas que hubiesen aumentado a $8.000.000 en bruto por mes, de forma que el salario neto (en mano) se hubiera elevado a $5.000.000.<\/p>\n<p>Hace un mes, una votaci\u00f3n poco clara en el Senado gener\u00f3 revuelo cuando los propios legisladores aprobaron una resoluci\u00f3n que habilit\u00f3 la suba de las dietas. En los salarios de junio podr\u00edan tener un nuevo aumento, a trav\u00e9s de la paritaria de los trabajadores del Congreso Nacional.<\/p>\n<p>&nbsp;<\/p>\n<p><strong>Los senadores pidieron retrotraer el nuevo aumento de sueldo en junio<\/strong><\/p>\n<p>Cabe recordar que en abril pasado, cuando los senadores definieron un aumento en sus dietas, hubo un debate interno en La Libertad Avanza y varias cr\u00edticas por parte de la oposici\u00f3n.<\/p>\n<p>De hecho, Francisco Paoltroni, ausente en aquella votaci\u00f3n pol\u00e9mica, se opuso: \u201cPersonalmente me ha dado mucha verg\u00fcenza. Hay muchos que tratan de confundir, de mezclar todo y de convertirte en casta en 55 segundos\u201d, hab\u00eda expresado.<\/p>\n<p><strong>La pol\u00e9mica votaci\u00f3n en el Senado para aumento de sueldos<\/strong><\/p>\n<p>El proyecto de resoluci\u00f3n en cuesti\u00f3n establece que a partir del mes de mayo, los senadores percibir\u00e1n un total de 13 dietas anuales. Cada una ser\u00e1 equivalente a 2.500 m\u00f3dulos m\u00e1s un adicional de 1.000 m\u00f3dulos por gastos de representaci\u00f3n y 500 de adicional por desarraigo.<\/p>\n<p>La decisi\u00f3n se dio entre las sombras y, sin mediar palabra, se hizo efectivo este jueves. Lo curioso es que la resoluci\u00f3n se aprob\u00f3 sobre el final de la sesi\u00f3n y en apenas un minuto: el aumento de sueldos, impulsado por legisladores de la oposici\u00f3n, fue votado a mano alzada por m\u00e1s de tres cuartos del recinto.<\/p>\n<p>El senador de Cambio Federal, Juan Carlos Romero, uno de los impulsores del proyecto, solicit\u00f3 la palabra a las 13:43. Sin mencionar expl\u00edcitamente el incremento de las dietas, Romero solicit\u00f3 la votaci\u00f3n informal. &#8220;Presidenta, obra en secretar\u00eda un proyecto de resoluci\u00f3n firmado por varios senadores, para el que se ha puesto en consideraci\u00f3n&#8221;, dijo.<\/p>\n<p>&#8220;Corresponde entonces votar la habilitaci\u00f3n sobre tablas a mano alzada del proyecto 615\/24 de autor\u00eda de varios senadores que obra sobre las bancas, requiri\u00e9ndose dos tercios de los votos&#8221;, respondi\u00f3 Villarruel, quien tampoco mencion\u00f3 el proyecto que se iba a votar.<\/p>\n","protected":false},"excerpt":{"rendered":"<p>A trav\u00e9s de una nota firmada por todos los jefes de bloque enviada a Victoria Villarruel, los legisladores pidieron dar marcha atr\u00e1s con el incremento del 9% que hab\u00edan recibido, a trav\u00e9s de la paritaria de los trabajadores del Congreso &nbsp; &nbsp; Luego de la pol\u00e9mica surgida a ra\u00edz de un nuevo aumento del 9% para las dietas de los senadores, que alcanzar\u00edan los $8.000.000, los propios legisladores pidieron retrotraer este incremento y cobrar en junio lo mismo que este mes. A trav\u00e9s de una nota firmada por todos los&#8230;<\/p>\n","protected":false},"author":3,"featured_media":113137,"comment_status":"closed","ping_status":"closed","sticky":false,"template":"","format":"standard","meta":[],"categories":[18],"tags":[],"_links":{"self":[{"href":"https:\/\/www.actualidadadiario.com\/index.php\/wp-json\/wp\/v2\/posts\/115352"}],"collection":[{"href":"https:\/\/www.actualidadadiario.com\/index.php\/wp-json\/wp\/v2\/posts"}],"about":[{"href":"https:\/\/www.actualidadadiario.com\/index.php\/wp-json\/wp\/v2\/types\/post"}],"author":[{"embeddable":true,"href":"https:\/\/www.actualidadadiario.com\/index.php\/wp-json\/wp\/v2\/users\/3"}],"replies":[{"embeddable":true,"href":"https:\/\/www.actualidadadiario.com\/index.php\/wp-json\/wp\/v2\/comments?post=115352"}],"version-history":[{"count":1,"href":"https:\/\/www.actualidadadiario.com\/index.php\/wp-json\/wp\/v2\/posts\/115352\/revisions"}],"predecessor-version":[{"id":115353,"href":"https:\/\/www.actualidadadiario.com\/index.php\/wp-json\/wp\/v2\/posts\/115352\/revisions\/115353"}],"wp:featuredmedia":[{"embeddable":true,"href":"https:\/\/www.actualidadadiario.com\/index.php\/wp-json\/wp\/v2\/media\/113137"}],"wp:attachment":[{"href":"https:\/\/www.actualidadadiario.com\/index.php\/wp-json\/wp\/v2\/media?parent=115352"}],"wp:term":[{"taxonomy":"category","embeddable":true,"href":"https:\/\/www.actualidadadiario.com\/index.php\/wp-json\/wp\/v2\/categories?post=115352"},{"taxonomy":"post_tag","embeddable":true,"href":"https:\/\/www.actualidadadiario.com\/index.php\/wp-json\/wp\/v2\/tags?post=115352"}],"curies":[{"name":"wp","href":"https:\/\/api.w.org\/{rel}","templated":true}]}}