{"id":115340,"date":"2024-05-30T11:46:45","date_gmt":"2024-05-30T14:46:45","guid":{"rendered":"https:\/\/www.actualidadadiario.com\/?p=115340"},"modified":"2024-05-30T11:46:45","modified_gmt":"2024-05-30T14:46:45","slug":"milei-es-el-presidente-con-la-peor-productividad-legislativa-desde-el-regreso-de-la-democracia","status":"publish","type":"post","link":"https:\/\/www.actualidadadiario.com\/index.php\/2024\/05\/30\/milei-es-el-presidente-con-la-peor-productividad-legislativa-desde-el-regreso-de-la-democracia\/","title":{"rendered":"Milei es el presidente con la peor productividad legislativa desde el regreso de la democracia"},"content":{"rendered":"<p style=\"text-align: center;\"><em><strong>Desde 1983 a la fecha nunca un presidente hab\u00eda llegado a sus primeros seis meses de gobierno con cero proyectos propios avalados. Los que le siguen son Mauricio Macri y Fernando de la R\u00faa<\/strong><\/em><\/p>\n<p>&nbsp;<\/p>\n<p>&nbsp;<\/p>\n<p>El presidente Javier Milei se encuentra en una situaci\u00f3n inusual dentro del espectro pol\u00edtico nacional: despu\u00e9s de seis meses en el cargo, no ha logrado que ning\u00fan proyecto propio sea aprobado, estableciendo as\u00ed un r\u00e9cord poco envidiable en t\u00e9rminos de productividad legislativa desde 1983 hasta la fecha.<\/p>\n<p>Si observamos los primeros seis meses de cada gobierno, destacan figuras como Ra\u00fal Alfons\u00edn, N\u00e9stor Kirchner y el primer mandato de Cristina Fern\u00e1ndez de Kirchner, con 30, 14 y 11 leyes propias aprobadas, respectivamente. Les siguen Carlos Menem, con 7 proyectos aprobados, el segundo mandato de CFK con 6, y Alberto Fern\u00e1ndez con 5.<\/p>\n<p>Otros presidentes que tambi\u00e9n tuvieron un rendimiento muy bajo en sus primeros semestres fueron Mauricio Macri, con 3 proyectos, y Fernando de la R\u00faa, con tan solo 1.<\/p>\n<p>Seg\u00fan inform\u00f3 Infobae, &#8220;Javier Milei registra la peor productividad legislativa desde el retorno democr\u00e1tico. Alfons\u00edn, en el otro extremo, fue el que m\u00e1s proyectos del Ejecutivo consigui\u00f3 que el Parlamento sancione en la primera mitad de su mandato.&#8221;<\/p>\n","protected":false},"excerpt":{"rendered":"<p>Desde 1983 a la fecha nunca un presidente hab\u00eda llegado a sus primeros seis meses de gobierno con cero proyectos propios avalados. Los que le siguen son Mauricio Macri y Fernando de la R\u00faa &nbsp; &nbsp; El presidente Javier Milei se encuentra en una situaci\u00f3n inusual dentro del espectro pol\u00edtico nacional: despu\u00e9s de seis meses en el cargo, no ha logrado que ning\u00fan proyecto propio sea aprobado, estableciendo as\u00ed un r\u00e9cord poco envidiable en t\u00e9rminos de productividad legislativa desde 1983 hasta la fecha. Si observamos los primeros seis meses de&#8230;<\/p>\n","protected":false},"author":3,"featured_media":115341,"comment_status":"closed","ping_status":"closed","sticky":false,"template":"","format":"standard","meta":[],"categories":[9],"tags":[],"_links":{"self":[{"href":"https:\/\/www.actualidadadiario.com\/index.php\/wp-json\/wp\/v2\/posts\/115340"}],"collection":[{"href":"https:\/\/www.actualidadadiario.com\/index.php\/wp-json\/wp\/v2\/posts"}],"about":[{"href":"https:\/\/www.actualidadadiario.com\/index.php\/wp-json\/wp\/v2\/types\/post"}],"author":[{"embeddable":true,"href":"https:\/\/www.actualidadadiario.com\/index.php\/wp-json\/wp\/v2\/users\/3"}],"replies":[{"embeddable":true,"href":"https:\/\/www.actualidadadiario.com\/index.php\/wp-json\/wp\/v2\/comments?post=115340"}],"version-history":[{"count":1,"href":"https:\/\/www.actualidadadiario.com\/index.php\/wp-json\/wp\/v2\/posts\/115340\/revisions"}],"predecessor-version":[{"id":115342,"href":"https:\/\/www.actualidadadiario.com\/index.php\/wp-json\/wp\/v2\/posts\/115340\/revisions\/115342"}],"wp:featuredmedia":[{"embeddable":true,"href":"https:\/\/www.actualidadadiario.com\/index.php\/wp-json\/wp\/v2\/media\/115341"}],"wp:attachment":[{"href":"https:\/\/www.actualidadadiario.com\/index.php\/wp-json\/wp\/v2\/media?parent=115340"}],"wp:term":[{"taxonomy":"category","embeddable":true,"href":"https:\/\/www.actualidadadiario.com\/index.php\/wp-json\/wp\/v2\/categories?post=115340"},{"taxonomy":"post_tag","embeddable":true,"href":"https:\/\/www.actualidadadiario.com\/index.php\/wp-json\/wp\/v2\/tags?post=115340"}],"curies":[{"name":"wp","href":"https:\/\/api.w.org\/{rel}","templated":true}]}}