{"id":115331,"date":"2024-05-30T11:42:40","date_gmt":"2024-05-30T14:42:40","guid":{"rendered":"https:\/\/www.actualidadadiario.com\/?p=115331"},"modified":"2024-05-30T11:42:40","modified_gmt":"2024-05-30T14:42:40","slug":"la-actividad-industrial-cayo-149-en-abril-y-sigue-bajando-con-fuerza","status":"publish","type":"post","link":"https:\/\/www.actualidadadiario.com\/index.php\/2024\/05\/30\/la-actividad-industrial-cayo-149-en-abril-y-sigue-bajando-con-fuerza\/","title":{"rendered":"La actividad industrial cay\u00f3 14,9% en abril y sigue bajando con fuerza"},"content":{"rendered":"<p style=\"text-align: center;\"><em><strong>Las f\u00e1bricas producen al m\u00ednimo de su capacidad, en niveles de plena pandemia. Qu\u00e9 puede ocurrir en mayo<\/strong><\/em><\/p>\n<p>&nbsp;<\/p>\n<p>&nbsp;<\/p>\n<p>La ca\u00edda de la demanda sigue agudizando la par\u00e1lisis en el sector fabril, donde la actividad retrocedi\u00f3 14,9% interanual en abril.<\/p>\n<p>Seg\u00fan el \u00cdndice de Producci\u00f3n Industrial (IPI) de FIEL, adem\u00e1s las empresas fabricaron un 11,3% menos en el primer cuatrimestre.<\/p>\n<p>En abril, la producci\u00f3n de papel y celulosa y de insumos textiles igual\u00f3 el nivel de actividad registrado en abril del a\u00f1o pasado.<\/p>\n<p>Mientras que entre las restantes ramas, con la excepci\u00f3n de los qu\u00edmicos y pl\u00e1sticos -afectados por la realizaci\u00f3n de paradas de planta y la ca\u00edda en la producci\u00f3n de neum\u00e1ticos producto de conflictos gremiales-, mostraron una contracci\u00f3n menos profunda que la observada en marzo.<\/p>\n<p>La mayor ca\u00edda de actividad en la comparaci\u00f3n con abril de 2023 se tuvo en la producci\u00f3n de minerales no met\u00e1licos, que si bien se moder\u00f3 respecto de marzo, se coloc\u00f3 entre las m\u00e1s profundas de la serie del IPI de FIEL, como las observadas durante las hiperinflaciones de fines de los ochenta y comienzo de los noventa, en la salida de la Convertibilidad y en el inicio de la pandemia en 2020.<\/p>\n<p>No obstante lo anterior, las ventas de insumos para la construcci\u00f3n han registrado una mejora mensual.<\/p>\n<p>La producci\u00f3n automotriz volvi\u00f3 a caer en abril en la comparaci\u00f3n con el mismo mes del a\u00f1o anterior, al tiempo que se registr\u00f3 un profundo retroceso de las exportaciones junto con un marcado repunte mensual \u2013at\u00edpico- de los patentamientos.<\/p>\n<p>La cat\u00e1strofe clim\u00e1tica de Rio Grande del Sur en Brasil ha afectado en mayo la provisi\u00f3n de autopartes a la industria local determinando frenos en la producci\u00f3n en alguna de las terminales.<\/p>\n<p>La producci\u00f3n de las industrias met\u00e1licas b\u00e1sicas volvi\u00f3 a mostrar una ca\u00edda interanual en abril, con un peor desempe\u00f1o de la producci\u00f3n sider\u00fargica primaria y de elaborados a causa de la debilidad de los sectores conexos, con excepci\u00f3n del segmento de la energ\u00eda.<\/p>\n<p>Por su parte, mientras que la producci\u00f3n metalmec\u00e1nica recort\u00f3 el ritmo de ca\u00edda interanual, en el mes se tuvo un importante repunte en la venta de maquinaria agr\u00edcola, marcando un impasse en la sucesi\u00f3n de ca\u00eddas observadas desde diciembre del a\u00f1o pasado.<\/p>\n<p>Con un retroceso menos profundo que el promedio de la industria en abril, la refinaci\u00f3n de petr\u00f3leo acumula un trimestre en ca\u00edda, y en el mes combin\u00f3 un aumento en el proceso de las refiner\u00eda con menor capacidad instalada con una recorte en la de las tres firmas m\u00e1s grandes, en particular YPF a partir de la ca\u00edda de la producci\u00f3n en su refiner\u00eda de La Plata.<\/p>\n<p>Entre los alimentos y bebidas, con mermas generalizadas contribuye a evitar un retroceso m\u00e1s profundo la producci\u00f3n de aceite de soja que muestra un firme avance en la comparaci\u00f3n interanual.<\/p>\n<p>Con excepci\u00f3n de la producci\u00f3n de papel y celulosa y de insumos textiles que registran un nivel de producci\u00f3n similar al del mismo per\u00edodo de 2023, todas las ramas muestran una contracci\u00f3n de la actividad productiva.<\/p>\n<p>El mayor retroceso en el per\u00edodo lo registr\u00f3 en la producci\u00f3n de minerales no met\u00e1licos con una ca\u00edda de 32.1% en la comparaci\u00f3n interanual.<\/p>\n<p>A la rama le siguieron la industria automotriz que tuvo una baja del 22,6%, las industrias met\u00e1licas b\u00e1sicas con una merma de actividad que alcanz\u00f3 17,8%, la metalmec\u00e1nica que registr\u00f3 un retroceso de 15,4% y la producci\u00f3n de insumos qu\u00edmicos y pl\u00e1sticos que se contrajo 11,7%, en cada caso en el primer cuatrimestre del a\u00f1o y en la comparaci\u00f3n interanual.<\/p>\n<p>Con una disminuci\u00f3n inferior al promedio de la industria se colocan los despachos de cigarrillos con una ca\u00edda de 10,2%, la producci\u00f3n de la rama de los alimentos y bebidas (-6%) y el proceso de petr\u00f3leo (-2,7%), respecto del acumulado en los primeros cuatro meses de 2023.<\/p>\n<p>La producci\u00f3n de insumos textiles iguala (-0,2%) el nivel de producci\u00f3n acumulado entre enero y abril de 2023, al tiempo que la de papel y celulosa lo supera ligeramente (+0,6%).<\/p>\n<p>Desde la perspectiva del tipo de los bienes producidos, todos contin\u00faan haciendo un aporte a la contracci\u00f3n de la industria en el primer cuatrimestre.<\/p>\n<p>En el periodo el mayor retroceso acumulado corresponde a la producci\u00f3n de bienes de capital con una ca\u00edda de 18.6% en la comparaci\u00f3n con los primeros cuatro meses de 2023.<\/p>\n<p>En el caso de los bienes de consumo durable, la producci\u00f3n en enero \u2013 abril es 17.9% inferior a la del mismo per\u00edodo del a\u00f1o pasado.<\/p>\n<p>Estos resultados vienen explicados por el retroceso en la producci\u00f3n de autom\u00f3viles y utilitarios, maquinarias y equipos y durables de la l\u00ednea blanca.<\/p>\n","protected":false},"excerpt":{"rendered":"<p>Las f\u00e1bricas producen al m\u00ednimo de su capacidad, en niveles de plena pandemia. Qu\u00e9 puede ocurrir en mayo &nbsp; &nbsp; La ca\u00edda de la demanda sigue agudizando la par\u00e1lisis en el sector fabril, donde la actividad retrocedi\u00f3 14,9% interanual en abril. Seg\u00fan el \u00cdndice de Producci\u00f3n Industrial (IPI) de FIEL, adem\u00e1s las empresas fabricaron un 11,3% menos en el primer cuatrimestre. En abril, la producci\u00f3n de papel y celulosa y de insumos textiles igual\u00f3 el nivel de actividad registrado en abril del a\u00f1o pasado. Mientras que entre las restantes ramas,&#8230;<\/p>\n","protected":false},"author":3,"featured_media":99057,"comment_status":"closed","ping_status":"closed","sticky":false,"template":"","format":"standard","meta":[],"categories":[2],"tags":[],"_links":{"self":[{"href":"https:\/\/www.actualidadadiario.com\/index.php\/wp-json\/wp\/v2\/posts\/115331"}],"collection":[{"href":"https:\/\/www.actualidadadiario.com\/index.php\/wp-json\/wp\/v2\/posts"}],"about":[{"href":"https:\/\/www.actualidadadiario.com\/index.php\/wp-json\/wp\/v2\/types\/post"}],"author":[{"embeddable":true,"href":"https:\/\/www.actualidadadiario.com\/index.php\/wp-json\/wp\/v2\/users\/3"}],"replies":[{"embeddable":true,"href":"https:\/\/www.actualidadadiario.com\/index.php\/wp-json\/wp\/v2\/comments?post=115331"}],"version-history":[{"count":1,"href":"https:\/\/www.actualidadadiario.com\/index.php\/wp-json\/wp\/v2\/posts\/115331\/revisions"}],"predecessor-version":[{"id":115332,"href":"https:\/\/www.actualidadadiario.com\/index.php\/wp-json\/wp\/v2\/posts\/115331\/revisions\/115332"}],"wp:featuredmedia":[{"embeddable":true,"href":"https:\/\/www.actualidadadiario.com\/index.php\/wp-json\/wp\/v2\/media\/99057"}],"wp:attachment":[{"href":"https:\/\/www.actualidadadiario.com\/index.php\/wp-json\/wp\/v2\/media?parent=115331"}],"wp:term":[{"taxonomy":"category","embeddable":true,"href":"https:\/\/www.actualidadadiario.com\/index.php\/wp-json\/wp\/v2\/categories?post=115331"},{"taxonomy":"post_tag","embeddable":true,"href":"https:\/\/www.actualidadadiario.com\/index.php\/wp-json\/wp\/v2\/tags?post=115331"}],"curies":[{"name":"wp","href":"https:\/\/api.w.org\/{rel}","templated":true}]}}