{"id":115322,"date":"2024-05-30T11:39:43","date_gmt":"2024-05-30T14:39:43","guid":{"rendered":"https:\/\/www.actualidadadiario.com\/?p=115322"},"modified":"2024-05-30T11:39:43","modified_gmt":"2024-05-30T14:39:43","slug":"empleo-crecen-los-despidos-y-la-brecha-con-las-contrataciones-alcanzo-su-peor-momento-desde-2020","status":"publish","type":"post","link":"https:\/\/www.actualidadadiario.com\/index.php\/2024\/05\/30\/empleo-crecen-los-despidos-y-la-brecha-con-las-contrataciones-alcanzo-su-peor-momento-desde-2020\/","title":{"rendered":"Empleo: crecen los despidos y la brecha con las contrataciones alcanz\u00f3 su peor momento desde 2020"},"content":{"rendered":"<p style=\"text-align: center;\"><em><strong>Un informe de la consultora PxQ reflej\u00f3 que la combinaci\u00f3n de despidos con recesi\u00f3n se tradujo en un deterioro de los indicadores de empleo en marzo de 2024. La tasa de salida de personal se ubic\u00f3 2,1 puntos por encima del promedio de la \u00faltima d\u00e9cada<\/strong><\/em><\/p>\n<p>&nbsp;<\/p>\n<p>&nbsp;<\/p>\n<p>La brecha entre desvinculaciones e incorporaciones de personal alcanz\u00f3 en marzo de 2024 su peor momento desde 2020, cuando la econom\u00eda estaba profundamente paralizada por la pandemia de Covid-19. Los recientes despidos y el escaso optimismo respecto del repunte de la actividad econ\u00f3mica tuvieron un marcado impacto en el empleo.<\/p>\n<p>De acuerdo con el an\u00e1lisis de la consultora PxQ, dirigida por Emmanuel \u00c1lvarez Agis, en funci\u00f3n de los datos de la Encuesta de Indicadores Laborales (EIL) del Ministerio de Trabajo, la &#8220;tasa de salida&#8221; del empleo se ubic\u00f3 2,1 puntos porcentuales por encima del promedio de la \u00faltima d\u00e9cada, mientras que la &#8220;tasa de entrada&#8221; estuvo 2,6 puntos por debajo del promedio.<\/p>\n<p>&#8220;Es algo muy propio de la din\u00e1mica de la crisis econ\u00f3mica, un comportamiento parecido al de principios de 2018&#8221;, afirm\u00f3 Luis Campos, investigador del Instituto de Estudios y Formaci\u00f3n de la CTA &#8211; Aut\u00f3noma.<\/p>\n<p>Si bien en el \u00faltimo trimestre de 2023 la tasa de desocupaci\u00f3n alcanz\u00f3 un m\u00ednimo hist\u00f3rico de 5,7%, se espera que los pr\u00f3ximos datos oficiales del INDEC, que se dar\u00e1n a conocer el 24 de junio, exhiban un deterioro del indicador como consecuencia de la deliberada pol\u00edtica de despidos en el sector p\u00fablico y la recesi\u00f3n que golpea a casi todos los sectores de la econom\u00eda y se traduce en despidos tambi\u00e9n el sector privado.<\/p>\n<p>Laura Testa, integrante de Paridad en la Macro y Grupo Bicentenario, sostuvo en di\u00e1logo con \u00c1mbito que la previsibilidad de consumo y de crecimiento de la econom\u00eda son las principales variables que influyen sobre la inversi\u00f3n, la productividad y, por ende, el incremento del empleo.<\/p>\n<p>&#8220;Cuando alguien est\u00e1 por abrir o ampliar un negocio va a mirar la tasa de inter\u00e9s y las condiciones laborales de contrataci\u00f3n, pero sobre todo va a considerar la rentabilidad del bien que va a vender&#8221;, asegur\u00f3 la economista, quien remarc\u00f3 adem\u00e1s el nexo entre la paralizaci\u00f3n de la obra p\u00fablica y el menor nivel de contrataci\u00f3n laboral.<\/p>\n<p>&nbsp;<\/p>\n<p><strong>Las ventas caen casi 10% anual<\/strong><\/p>\n<p>En marzo hubo una ca\u00edda interanual del 9,3% en las ventas reales de los supermercados. Los rubros m\u00e1s afectados fueron por lejos los de electr\u00f3nica e indumentaria, con desplomes del 34% y 26%, respectivamente, siendo esto un fiel reflejo de los primeros consumos que suele recortar la poblaci\u00f3n en \u00e9pocas de crisis. Aun as\u00ed, tambi\u00e9n se verificaron ca\u00eddas en productos de primera necesidad como frutas, verduras y carnes, mientras que las ventas de l\u00e1cteos apenas subieron un 2% anual.<\/p>\n<p>Datos m\u00e1s recientes, difundidos por la C\u00e1mara Argentina de la Mediana Empresa (CAME), registraron una baja anual del 7% en las ventas minoristas para abril. Para este indicador, los derrumbes m\u00e1s pronunciados se verificaron en perfumer\u00eda (-23,3%) y farmacia (-18%).<\/p>\n<p>&nbsp;<\/p>\n<p><strong>Actividad econ\u00f3mica en niveles de pandemia<\/strong><\/p>\n<p>El menor poder adquisitivo de la poblaci\u00f3n y el desplome del consumo tienen como correlato una fuerte ca\u00edda de la actividad econ\u00f3mica, que toc\u00f3 su peor nivel desde mayo de 2021.<\/p>\n<p>En el primer trimestre del a\u00f1o, los tres sectores m\u00e1s relevantes de la econom\u00eda; el comercio, la industria manufacturera y la construcci\u00f3n, presentaron contracciones del 10,8%, 13,4% y 23,3%, respectivamente, en comparaci\u00f3n con el mismo per\u00edodo de 2023.<\/p>\n<p>En cuanto a la industria en particular, marzo arroj\u00f3 una ca\u00edda anual del 21,2%, la m\u00e1s significativa desde mayo de 2021. Dentro de los rubros con mayor incidencia en el \u00cdndice de Producci\u00f3n Industrial (IPI) del INDEC, las mermas m\u00e1s alarmantes se observaron la fabricaci\u00f3n de maquinaria agr\u00edcola, acero, insumos para la construcci\u00f3n y productos de electr\u00f3nica.<\/p>\n","protected":false},"excerpt":{"rendered":"<p>Un informe de la consultora PxQ reflej\u00f3 que la combinaci\u00f3n de despidos con recesi\u00f3n se tradujo en un deterioro de los indicadores de empleo en marzo de 2024. La tasa de salida de personal se ubic\u00f3 2,1 puntos por encima del promedio de la \u00faltima d\u00e9cada &nbsp; &nbsp; La brecha entre desvinculaciones e incorporaciones de personal alcanz\u00f3 en marzo de 2024 su peor momento desde 2020, cuando la econom\u00eda estaba profundamente paralizada por la pandemia de Covid-19. Los recientes despidos y el escaso optimismo respecto del repunte de la actividad&#8230;<\/p>\n","protected":false},"author":3,"featured_media":115323,"comment_status":"closed","ping_status":"closed","sticky":false,"template":"","format":"standard","meta":[],"categories":[9],"tags":[],"_links":{"self":[{"href":"https:\/\/www.actualidadadiario.com\/index.php\/wp-json\/wp\/v2\/posts\/115322"}],"collection":[{"href":"https:\/\/www.actualidadadiario.com\/index.php\/wp-json\/wp\/v2\/posts"}],"about":[{"href":"https:\/\/www.actualidadadiario.com\/index.php\/wp-json\/wp\/v2\/types\/post"}],"author":[{"embeddable":true,"href":"https:\/\/www.actualidadadiario.com\/index.php\/wp-json\/wp\/v2\/users\/3"}],"replies":[{"embeddable":true,"href":"https:\/\/www.actualidadadiario.com\/index.php\/wp-json\/wp\/v2\/comments?post=115322"}],"version-history":[{"count":1,"href":"https:\/\/www.actualidadadiario.com\/index.php\/wp-json\/wp\/v2\/posts\/115322\/revisions"}],"predecessor-version":[{"id":115324,"href":"https:\/\/www.actualidadadiario.com\/index.php\/wp-json\/wp\/v2\/posts\/115322\/revisions\/115324"}],"wp:featuredmedia":[{"embeddable":true,"href":"https:\/\/www.actualidadadiario.com\/index.php\/wp-json\/wp\/v2\/media\/115323"}],"wp:attachment":[{"href":"https:\/\/www.actualidadadiario.com\/index.php\/wp-json\/wp\/v2\/media?parent=115322"}],"wp:term":[{"taxonomy":"category","embeddable":true,"href":"https:\/\/www.actualidadadiario.com\/index.php\/wp-json\/wp\/v2\/categories?post=115322"},{"taxonomy":"post_tag","embeddable":true,"href":"https:\/\/www.actualidadadiario.com\/index.php\/wp-json\/wp\/v2\/tags?post=115322"}],"curies":[{"name":"wp","href":"https:\/\/api.w.org\/{rel}","templated":true}]}}