{"id":115317,"date":"2024-05-30T10:57:05","date_gmt":"2024-05-30T13:57:05","guid":{"rendered":"https:\/\/www.actualidadadiario.com\/?p=115317"},"modified":"2024-05-30T10:57:05","modified_gmt":"2024-05-30T13:57:05","slug":"este-lunes-comienza-la-inscripcion-para-becas-de-nivel-superior","status":"publish","type":"post","link":"https:\/\/www.actualidadadiario.com\/index.php\/2024\/05\/30\/este-lunes-comienza-la-inscripcion-para-becas-de-nivel-superior\/","title":{"rendered":"Este lunes comienza la inscripci\u00f3n para becas de nivel superior"},"content":{"rendered":"<p style=\"text-align: center;\"><em><strong>El Instituto Becario Provincial confirm\u00f3 la fecha de inicio para solicitar becas universitarias y terciarias, tanto nuevas como de renovaci\u00f3n. A partir del 3 de junio, el tr\u00e1mite se podr\u00e1 realizar de manera online a trav\u00e9s de www.institutobecario.gov.ar. Las delegaciones se encuentran a disposici\u00f3n para asesorar y acompa\u00f1ar la gesti\u00f3n<\/strong><\/em><\/p>\n<p>&nbsp;<\/p>\n<p>&nbsp;<\/p>\n<p>El director ejecutivo, Mariano Berdi\u00f1as, subray\u00f3 que &#8220;iniciamos una etapa fundamental, como es la instancia de inscripci\u00f3n tanto de solicitudes universitarias y terciarias\u00a0 nuevas, como renovaciones, cada una con sus requisitos&#8221;.<\/p>\n<p>&#8220;El sistema online permite digitalizar toda la documentaci\u00f3n a presentar por lo que los estudiantes podr\u00e1n realizar la solicitud de manera completa en nuestra web&#8221;, explic\u00f3.<\/p>\n<p>El titular del organismo destac\u00f3 que, &#8220;como gobierno provincial, tenemos la decisi\u00f3n pol\u00edtica de potenciar\u00a0 los diferentes programas y servicios. Por ello, permanentemente revisamos las distintas alternativas junto al equipo del gobernador Rogelio Frigerio, porque sabemos el esfuerzo de toda la familia de ese estudiante que sue\u00f1a con un futuro mejor&#8221;, concluy\u00f3.<\/p>\n<p>&nbsp;<\/p>\n<p><strong>M\u00e1s informaci\u00f3n<\/strong><\/p>\n<p>Se record\u00f3 que todos los requisitos y documentaci\u00f3n a presentar se pueden encontrar en el bot\u00f3n &#8220;becas 2024&#8221; de la web www.instituto becario.gov.ar.<\/p>\n<p>Adem\u00e1s, los interesados podr\u00e1n acercarse a las delegaciones departamentales del Instituto Becario para recibir asesoramiento, de lunes a viernes de 8 a 12. Para conocer la oficina m\u00e1s cercana podr\u00e1n ingresar en la mencionada p\u00e1gina institucional. De la misma manera, se encuentra disponible la Casa Central de Paran\u00e1, en San Mart\u00edn 458.<\/p>\n<p>&nbsp;<\/p>\n<p><strong>Documentaci\u00f3n para solicitudes universitarias nuevas<\/strong><\/p>\n<ul>\n<li>DNI ambos lados (de el\/la solicitante).<\/li>\n<li>Constancia de CUIL (de el\/la solicitante).<\/li>\n<li>Constancia de alumno\/a regular a\u00f1o 2024.<\/li>\n<li>Anal\u00edtico de materias aprobadas o historia acad\u00e9mica actualizada.<\/li>\n<li>Bolet\u00edn de calificaciones a\u00f1o 2023 firmado por la autoridad del establecimiento en el caso de ser ingresante a la carrera.<\/li>\n<li>Comprobantes de ingresos del grupo familiar seg\u00fan corresponda<\/li>\n<\/ul>\n","protected":false},"excerpt":{"rendered":"<p>El Instituto Becario Provincial confirm\u00f3 la fecha de inicio para solicitar becas universitarias y terciarias, tanto nuevas como de renovaci\u00f3n. A partir del 3 de junio, el tr\u00e1mite se podr\u00e1 realizar de manera online a trav\u00e9s de www.institutobecario.gov.ar. Las delegaciones se encuentran a disposici\u00f3n para asesorar y acompa\u00f1ar la gesti\u00f3n &nbsp; &nbsp; El director ejecutivo, Mariano Berdi\u00f1as, subray\u00f3 que &#8220;iniciamos una etapa fundamental, como es la instancia de inscripci\u00f3n tanto de solicitudes universitarias y terciarias\u00a0 nuevas, como renovaciones, cada una con sus requisitos&#8221;. &#8220;El sistema online permite digitalizar toda la&#8230;<\/p>\n","protected":false},"author":3,"featured_media":115318,"comment_status":"closed","ping_status":"closed","sticky":false,"template":"","format":"standard","meta":[],"categories":[15],"tags":[],"_links":{"self":[{"href":"https:\/\/www.actualidadadiario.com\/index.php\/wp-json\/wp\/v2\/posts\/115317"}],"collection":[{"href":"https:\/\/www.actualidadadiario.com\/index.php\/wp-json\/wp\/v2\/posts"}],"about":[{"href":"https:\/\/www.actualidadadiario.com\/index.php\/wp-json\/wp\/v2\/types\/post"}],"author":[{"embeddable":true,"href":"https:\/\/www.actualidadadiario.com\/index.php\/wp-json\/wp\/v2\/users\/3"}],"replies":[{"embeddable":true,"href":"https:\/\/www.actualidadadiario.com\/index.php\/wp-json\/wp\/v2\/comments?post=115317"}],"version-history":[{"count":1,"href":"https:\/\/www.actualidadadiario.com\/index.php\/wp-json\/wp\/v2\/posts\/115317\/revisions"}],"predecessor-version":[{"id":115319,"href":"https:\/\/www.actualidadadiario.com\/index.php\/wp-json\/wp\/v2\/posts\/115317\/revisions\/115319"}],"wp:featuredmedia":[{"embeddable":true,"href":"https:\/\/www.actualidadadiario.com\/index.php\/wp-json\/wp\/v2\/media\/115318"}],"wp:attachment":[{"href":"https:\/\/www.actualidadadiario.com\/index.php\/wp-json\/wp\/v2\/media?parent=115317"}],"wp:term":[{"taxonomy":"category","embeddable":true,"href":"https:\/\/www.actualidadadiario.com\/index.php\/wp-json\/wp\/v2\/categories?post=115317"},{"taxonomy":"post_tag","embeddable":true,"href":"https:\/\/www.actualidadadiario.com\/index.php\/wp-json\/wp\/v2\/tags?post=115317"}],"curies":[{"name":"wp","href":"https:\/\/api.w.org\/{rel}","templated":true}]}}