{"id":115315,"date":"2024-05-30T10:56:01","date_gmt":"2024-05-30T13:56:01","guid":{"rendered":"https:\/\/www.actualidadadiario.com\/?p=115315"},"modified":"2024-05-30T10:56:01","modified_gmt":"2024-05-30T13:56:01","slug":"el-11-de-junio-seran-las-audiencias-publicas-para-cubrir-los-cargos-directivos-del-consejo-general-de-educacion","status":"publish","type":"post","link":"https:\/\/www.actualidadadiario.com\/index.php\/2024\/05\/30\/el-11-de-junio-seran-las-audiencias-publicas-para-cubrir-los-cargos-directivos-del-consejo-general-de-educacion\/","title":{"rendered":"El 11 de junio ser\u00e1n las audiencias p\u00fablicas para cubrir los cargos directivos del Consejo General de Educaci\u00f3n"},"content":{"rendered":"<p style=\"text-align: center;\"><em><strong>La Comisi\u00f3n de Asuntos Constitucionales y Acuerdos del Senado defini\u00f3 que el martes 11 de junio a las 9 se realicen las audiencias p\u00fablicas a quienes fueron propuestos por el Ejecutivo para ocupar los cargos directivos del CGE. Tambi\u00e9n se realizar\u00e1 la Audiencia P\u00fablica para el Dr Carlos Tepsich, propuesto para ocupar el cargo de Vocal de la Sala N\u00b0 2 en lo Civil y Comercial del Superior Tribunal de Justicia<\/strong><\/em><\/p>\n<p>&nbsp;<\/p>\n<p>&nbsp;<\/p>\n<p>El encuentro, que se realiz\u00f3 en la sala de comisiones legislativas, estuvo presidido por el Senador del departamento Villaguay, Pablo Cosso (M\u00e1s para Entre R\u00edos) y estuvieron los representantes de Nogoy\u00e1, Federal, San Salvador y Gualeguaych\u00fa, Rafael Cavagna, Nancy Miranda, Marcelo Berthet y Jaime Benedetti, respectivamente.<\/p>\n<p>En primer t\u00e9rmino, se analizaron los expedientes de quienes fueron propuestos para ocupar el cargo de Director General de Escuelas (Presidencia del Consejo General de Educaci\u00f3n) y para las vocal\u00edas del organismo.<\/p>\n<p>Al respecto, el senador Cosso explic\u00f3 que ya se cuenta con toda la documentaci\u00f3n necesaria para seguir avanzando en el proceso e inform\u00f3 que se recibieron respuestas de quienes hab\u00edan recibido impugnaciones. Las mismas fueron enviadas a cada uno de los miembros de la comisi\u00f3n para que sean analizadas.<\/p>\n<p>&nbsp;<\/p>\n<p><strong>Audiencias p\u00fablicas<\/strong><\/p>\n<p>Seguidamente, los legisladores decidieron que el pr\u00f3ximo 11 de junio, a partir de las 9, en el Recinto de la Honorable C\u00e1mara de Senadores se realizar\u00e1n las audiencias p\u00fablicas para que los propuestos a ocupar cargos que requieren del Acuerdo Constitucional respondan a los requerimientos de los legisladores.<\/p>\n<p>Determinaron que, en la misma jornada, junto a las audiencias de los cargos para el Consejo General de Educaci\u00f3n, se haga la que corresponde al cargo a cubrir en el Superior Tribunal de Justicia.<\/p>\n<p>&nbsp;<\/p>\n<p><strong>Los pliegos analizados<\/strong><\/p>\n<p><strong>Consejo General de Educaci\u00f3n<\/strong><\/p>\n<ul>\n<li>Alicia Mar\u00eda FREGONESE, propuesta como Directora General de Escuelas de la Provincia de Entre R\u00edos, quien ejercer\u00e1 la Presidencia del Consejo General de Educaci\u00f3n.<\/li>\n<li>Prof. Elsa CHAPUIS, propuesta como Vocal del Consejo General de Educaci\u00f3n.<\/li>\n<li>Prof. Carla Soledad DUR\u00c9, propuesta como Vocal del Consejo General de Educaci\u00f3n.<\/li>\n<li>Sr. Santiago Sergio Adolfo LAUMANN, propuesto como Vocal del Consejo General de Educaci\u00f3n.<\/li>\n<\/ul>\n<p>&nbsp;<\/p>\n<p><strong>Superior Tribunal<\/strong><\/p>\n<ul>\n<li>Dr. Carlos Federico Tepsich, propuesto para ocupar el cargo de Vocal de la Sala N\u00b02 en lo Civil y Comercial del Superior Tribunal de Justicia de la Provincia de Entre R\u00edos.<\/li>\n<\/ul>\n","protected":false},"excerpt":{"rendered":"<p>La Comisi\u00f3n de Asuntos Constitucionales y Acuerdos del Senado defini\u00f3 que el martes 11 de junio a las 9 se realicen las audiencias p\u00fablicas a quienes fueron propuestos por el Ejecutivo para ocupar los cargos directivos del CGE. Tambi\u00e9n se realizar\u00e1 la Audiencia P\u00fablica para el Dr Carlos Tepsich, propuesto para ocupar el cargo de Vocal de la Sala N\u00b0 2 en lo Civil y Comercial del Superior Tribunal de Justicia &nbsp; &nbsp; El encuentro, que se realiz\u00f3 en la sala de comisiones legislativas, estuvo presidido por el Senador del&#8230;<\/p>\n","protected":false},"author":3,"featured_media":58212,"comment_status":"closed","ping_status":"closed","sticky":false,"template":"","format":"standard","meta":[],"categories":[15],"tags":[],"_links":{"self":[{"href":"https:\/\/www.actualidadadiario.com\/index.php\/wp-json\/wp\/v2\/posts\/115315"}],"collection":[{"href":"https:\/\/www.actualidadadiario.com\/index.php\/wp-json\/wp\/v2\/posts"}],"about":[{"href":"https:\/\/www.actualidadadiario.com\/index.php\/wp-json\/wp\/v2\/types\/post"}],"author":[{"embeddable":true,"href":"https:\/\/www.actualidadadiario.com\/index.php\/wp-json\/wp\/v2\/users\/3"}],"replies":[{"embeddable":true,"href":"https:\/\/www.actualidadadiario.com\/index.php\/wp-json\/wp\/v2\/comments?post=115315"}],"version-history":[{"count":1,"href":"https:\/\/www.actualidadadiario.com\/index.php\/wp-json\/wp\/v2\/posts\/115315\/revisions"}],"predecessor-version":[{"id":115316,"href":"https:\/\/www.actualidadadiario.com\/index.php\/wp-json\/wp\/v2\/posts\/115315\/revisions\/115316"}],"wp:featuredmedia":[{"embeddable":true,"href":"https:\/\/www.actualidadadiario.com\/index.php\/wp-json\/wp\/v2\/media\/58212"}],"wp:attachment":[{"href":"https:\/\/www.actualidadadiario.com\/index.php\/wp-json\/wp\/v2\/media?parent=115315"}],"wp:term":[{"taxonomy":"category","embeddable":true,"href":"https:\/\/www.actualidadadiario.com\/index.php\/wp-json\/wp\/v2\/categories?post=115315"},{"taxonomy":"post_tag","embeddable":true,"href":"https:\/\/www.actualidadadiario.com\/index.php\/wp-json\/wp\/v2\/tags?post=115315"}],"curies":[{"name":"wp","href":"https:\/\/api.w.org\/{rel}","templated":true}]}}