{"id":115312,"date":"2024-05-30T10:55:20","date_gmt":"2024-05-30T13:55:20","guid":{"rendered":"https:\/\/www.actualidadadiario.com\/?p=115312"},"modified":"2024-05-30T10:55:20","modified_gmt":"2024-05-30T13:55:20","slug":"fuertes-criticas-a-kueider-incluso-piden-su-expulsion-del-partido","status":"publish","type":"post","link":"https:\/\/www.actualidadadiario.com\/index.php\/2024\/05\/30\/fuertes-criticas-a-kueider-incluso-piden-su-expulsion-del-partido\/","title":{"rendered":"Fuertes cr\u00edticas a Kueider: Incluso piden su expulsi\u00f3n del partido"},"content":{"rendered":"<p style=\"text-align: center;\"><em><strong>Tras la firma del dictamen de mayor\u00eda de la Ley Bases, el senador nacional fue fuertemente reprochado por el justicialismo. En este panorama el presidente de la Departamental Paran\u00e1 del Partido Justicialista pidi\u00f3 su expulsi\u00f3n de la fuerza pol\u00edtica y consider\u00f3 como \u201crepudiable\u201d el accionar del legislador<\/strong><\/em><\/p>\n<p>&nbsp;<\/p>\n<p>&nbsp;<\/p>\n<p>En una aparici\u00f3n de \u00faltima hora, el jefe de Gabinete, Guillermo Francos, logr\u00f3 vencer las resistencias de la oposici\u00f3n dialoguista. Se podr\u00e1n tratar los proyectos en el recinto la semana pr\u00f3xima. El Gobierno cedi\u00f3 cambios en Ganancias y en la Ley de Miner\u00eda. Tras una reuni\u00f3n con la vicepresidenta Victoria Villarruel, el entrerriano Edgardo Kueider firm\u00f3 en disidencia parcial y el proyecto obtuvo la mayor\u00eda necesaria.<\/p>\n<p>Tras la decisi\u00f3n Kueider, dirigentes del PJ de segunda l\u00ednea criticaron su accionar:<\/p>\n<p><strong>Carina Ramos (ex diputada provincial-PJ):<\/strong> \u201cNi olvido ni perd\u00f3n a quienes traicionan al Pueblo\u201d.<\/p>\n<p><strong>Juan Manuel Huss (ex diputado provincial-PJ):<\/strong> \u201cLamento haber militado y votado a aquellos que por una falsa gobernabilidad deciden entregar no s\u00f3lo el presente sino el futuro de la Naci\u00f3n. Lamentable\u201d.<\/p>\n<p><strong>Jorge \u201cKinoto\u201d V\u00e1zquez (presidente de la Departamental Paran\u00e1 del PJ):<\/strong> \u201cEl repudiable accionar de Edgardo Kueider, solo se podr\u00eda enmarcar en la profunda degradaci\u00f3n a la que algunos personajes enceguecidos de poder, han sumido a la noble actividad pol\u00edtica\u201d.<\/p>\n<p>\u201cNo resulta para nada f\u00e1cil intentar caracterizar con pocas palabras semejante traici\u00f3n a los postulados del Peronismo. Ante esto, solo se me ocurre pensar en algunas cosas. Es innegable que lleg\u00f3 la hora de cambiar la matriz disciplinaria de nuestro movimiento, cortando de ra\u00edz con la firma de cheques en blanco a la hora de conformar propuestas electorales viciadas de roscas y prebendas que nos han distanciado de una parte importante del pueblo\u201d. \u201cLamentablemente esta crisis moral no empieza ni termina con la claudicaci\u00f3n de Kueider en el Senado. Como m\u00ednimo deber\u00edamos asumir la responsabilidad democr\u00e1tica de solicitar su expulsi\u00f3n de todo \u00e1mbito ligado a la vida pol\u00edtica e institucional del PJ\u201d.<\/p>\n<p>Por su parte la dirigente de izquierda, <strong>Nadia Burgos<\/strong>, se sum\u00f3 a las cr\u00edticas y compar\u00f3 al legislador entrerriano con De Loredo: \u201cKueider te hicimos una canci\u00f3n: como a De Loredo te va a pasar, a donde vayas te vamos a escrachar, ol\u00e9 ol\u00e9\u201c.<\/p>\n","protected":false},"excerpt":{"rendered":"<p>Tras la firma del dictamen de mayor\u00eda de la Ley Bases, el senador nacional fue fuertemente reprochado por el justicialismo. En este panorama el presidente de la Departamental Paran\u00e1 del Partido Justicialista pidi\u00f3 su expulsi\u00f3n de la fuerza pol\u00edtica y consider\u00f3 como \u201crepudiable\u201d el accionar del legislador &nbsp; &nbsp; En una aparici\u00f3n de \u00faltima hora, el jefe de Gabinete, Guillermo Francos, logr\u00f3 vencer las resistencias de la oposici\u00f3n dialoguista. Se podr\u00e1n tratar los proyectos en el recinto la semana pr\u00f3xima. El Gobierno cedi\u00f3 cambios en Ganancias y en la Ley&#8230;<\/p>\n","protected":false},"author":3,"featured_media":115313,"comment_status":"closed","ping_status":"closed","sticky":false,"template":"","format":"standard","meta":[],"categories":[15],"tags":[],"_links":{"self":[{"href":"https:\/\/www.actualidadadiario.com\/index.php\/wp-json\/wp\/v2\/posts\/115312"}],"collection":[{"href":"https:\/\/www.actualidadadiario.com\/index.php\/wp-json\/wp\/v2\/posts"}],"about":[{"href":"https:\/\/www.actualidadadiario.com\/index.php\/wp-json\/wp\/v2\/types\/post"}],"author":[{"embeddable":true,"href":"https:\/\/www.actualidadadiario.com\/index.php\/wp-json\/wp\/v2\/users\/3"}],"replies":[{"embeddable":true,"href":"https:\/\/www.actualidadadiario.com\/index.php\/wp-json\/wp\/v2\/comments?post=115312"}],"version-history":[{"count":1,"href":"https:\/\/www.actualidadadiario.com\/index.php\/wp-json\/wp\/v2\/posts\/115312\/revisions"}],"predecessor-version":[{"id":115314,"href":"https:\/\/www.actualidadadiario.com\/index.php\/wp-json\/wp\/v2\/posts\/115312\/revisions\/115314"}],"wp:featuredmedia":[{"embeddable":true,"href":"https:\/\/www.actualidadadiario.com\/index.php\/wp-json\/wp\/v2\/media\/115313"}],"wp:attachment":[{"href":"https:\/\/www.actualidadadiario.com\/index.php\/wp-json\/wp\/v2\/media?parent=115312"}],"wp:term":[{"taxonomy":"category","embeddable":true,"href":"https:\/\/www.actualidadadiario.com\/index.php\/wp-json\/wp\/v2\/categories?post=115312"},{"taxonomy":"post_tag","embeddable":true,"href":"https:\/\/www.actualidadadiario.com\/index.php\/wp-json\/wp\/v2\/tags?post=115312"}],"curies":[{"name":"wp","href":"https:\/\/api.w.org\/{rel}","templated":true}]}}