{"id":115309,"date":"2024-05-30T10:54:18","date_gmt":"2024-05-30T13:54:18","guid":{"rendered":"https:\/\/www.actualidadadiario.com\/?p=115309"},"modified":"2024-05-30T10:54:18","modified_gmt":"2024-05-30T13:54:18","slug":"entre-rios-se-sumo-al-compromiso-federal-por-la-alfabetizacion","status":"publish","type":"post","link":"https:\/\/www.actualidadadiario.com\/index.php\/2024\/05\/30\/entre-rios-se-sumo-al-compromiso-federal-por-la-alfabetizacion\/","title":{"rendered":"Entre R\u00edos se sum\u00f3 al compromiso federal por la alfabetizaci\u00f3n"},"content":{"rendered":"<p style=\"text-align: center;\"><em><strong>La provincia form\u00f3 parte de la asamblea del Consejo Federal de Educaci\u00f3n. Hubo apoyo un\u00e1nime a un acuerdo que refleja el esfuerzo conjunto y coordinado de la Naci\u00f3n y las 24 jurisdicciones para enfrentar el urgente desaf\u00edo del proceso de aprendizaje y ense\u00f1anza de la lectoescritura en todo el pa\u00eds<\/strong><\/em><\/p>\n<p>&nbsp;<\/p>\n<p>&nbsp;<\/p>\n<p>En la 132\u00b0 Asamblea del Consejo Federal de Educaci\u00f3n (CFE), encabezada por el Secretario de Educaci\u00f3n\u00a0 Carlos Torrendell, las 24 jurisdicciones del pa\u00eds aprobaron de manera un\u00e1nime el Compromiso Federal por la Alfabetizaci\u00f3n, en un encuentro que tuvo lugar en el Palacio Sarmiento de la ciudad de Buenos Aires.<\/p>\n<p>Del encuentro particip\u00f3 la presidente del Consejo General de Educaci\u00f3n de la provincia, Alicia Fregonese. La iniciativa, que forma parte del Plan Nacional de Alfabetizaci\u00f3n impulsado por la ministra de Capital Humano, Sandra Pettovello, apunta a lograr que todos los estudiantes de la rep\u00fablica Argentina puedan leer, comprender y producir textos.<\/p>\n<p>Al agradecer el voto un\u00e1nime, Torrendell valor\u00f3 como una continuidad de objetivos este acuerdo con lo ya se\u00f1alado en el primer Consejo en diciembre de 2023, &#8220;convertir al CFE en una comunidad de aprendizaje&#8221;.<\/p>\n<p>&#8220;Este hito marca el inicio de un camino federal en el que cada jurisdicci\u00f3n presenta su propio plan, pero en clave de objetivos y ejes comunes, bajo un formato colaborativo y de construcci\u00f3n de redes, innovador en este tipo de pol\u00edticas. En estos planes se detallan las acciones a desplegar a lo largo de este 2024 para mejorar los indicadores de alfabetizaci\u00f3n, al poner el foco en el primer ciclo&#8221;, indic\u00f3 Alicia Fregonese.<\/p>\n<p>Torrendell destac\u00f3 la decisi\u00f3n de promover a la alfabetizaci\u00f3n como &#8220;una verdadera pol\u00edtica p\u00fablica transversal, que es mucho m\u00e1s que una pol\u00edtica integral que tiene distintos momentos o etapas: la alfabetizaci\u00f3n familiar, la temprana, la inicial, la avanzada, la acad\u00e9mica, e incluir\u00eda al mundo del trabajo. El desaf\u00edo es articularlas para que la alfabetizaci\u00f3n \u00bfque en definitiva es un lenguaje como todos los dem\u00e1s\u00bf sea un eje compartido por todas estas modalidades y espacios. Invitamos a orientar los esfuerzos y recursos humanos y econ\u00f3micos hacia este Plan de Alfabetizaci\u00f3n que estamos desarrollando&#8221;, agreg\u00f3.<\/p>\n<p>&nbsp;<\/p>\n<p><strong>Operativo Aprender<\/strong><\/p>\n<p>Para obtener un diagn\u00f3stico fehaciente para la construcci\u00f3n de los planes 2025, en octubre de este a\u00f1o se desarrollar\u00e1 un operativo de las pruebas Aprender en tercer grado de la primaria. Esto proporcionar\u00e1 datos valiosos sobre el nivel de los alumnos y ser\u00e1 la l\u00ednea de base para la planificaci\u00f3n de las futuras acciones provinciales y nacionales.<\/p>\n<p>Asimismo, se present\u00f3 el proyecto de resoluci\u00f3n del Programa Hora M\u00e1s y otras l\u00edneas de financiamiento que permitir\u00e1n focalizar los recursos en el Plan Nacional de Alfabetizaci\u00f3n.<\/p>\n","protected":false},"excerpt":{"rendered":"<p>La provincia form\u00f3 parte de la asamblea del Consejo Federal de Educaci\u00f3n. Hubo apoyo un\u00e1nime a un acuerdo que refleja el esfuerzo conjunto y coordinado de la Naci\u00f3n y las 24 jurisdicciones para enfrentar el urgente desaf\u00edo del proceso de aprendizaje y ense\u00f1anza de la lectoescritura en todo el pa\u00eds &nbsp; &nbsp; En la 132\u00b0 Asamblea del Consejo Federal de Educaci\u00f3n (CFE), encabezada por el Secretario de Educaci\u00f3n\u00a0 Carlos Torrendell, las 24 jurisdicciones del pa\u00eds aprobaron de manera un\u00e1nime el Compromiso Federal por la Alfabetizaci\u00f3n, en un encuentro que tuvo&#8230;<\/p>\n","protected":false},"author":3,"featured_media":115310,"comment_status":"closed","ping_status":"closed","sticky":false,"template":"","format":"standard","meta":[],"categories":[15],"tags":[],"_links":{"self":[{"href":"https:\/\/www.actualidadadiario.com\/index.php\/wp-json\/wp\/v2\/posts\/115309"}],"collection":[{"href":"https:\/\/www.actualidadadiario.com\/index.php\/wp-json\/wp\/v2\/posts"}],"about":[{"href":"https:\/\/www.actualidadadiario.com\/index.php\/wp-json\/wp\/v2\/types\/post"}],"author":[{"embeddable":true,"href":"https:\/\/www.actualidadadiario.com\/index.php\/wp-json\/wp\/v2\/users\/3"}],"replies":[{"embeddable":true,"href":"https:\/\/www.actualidadadiario.com\/index.php\/wp-json\/wp\/v2\/comments?post=115309"}],"version-history":[{"count":1,"href":"https:\/\/www.actualidadadiario.com\/index.php\/wp-json\/wp\/v2\/posts\/115309\/revisions"}],"predecessor-version":[{"id":115311,"href":"https:\/\/www.actualidadadiario.com\/index.php\/wp-json\/wp\/v2\/posts\/115309\/revisions\/115311"}],"wp:featuredmedia":[{"embeddable":true,"href":"https:\/\/www.actualidadadiario.com\/index.php\/wp-json\/wp\/v2\/media\/115310"}],"wp:attachment":[{"href":"https:\/\/www.actualidadadiario.com\/index.php\/wp-json\/wp\/v2\/media?parent=115309"}],"wp:term":[{"taxonomy":"category","embeddable":true,"href":"https:\/\/www.actualidadadiario.com\/index.php\/wp-json\/wp\/v2\/categories?post=115309"},{"taxonomy":"post_tag","embeddable":true,"href":"https:\/\/www.actualidadadiario.com\/index.php\/wp-json\/wp\/v2\/tags?post=115309"}],"curies":[{"name":"wp","href":"https:\/\/api.w.org\/{rel}","templated":true}]}}