{"id":115307,"date":"2024-05-30T10:53:06","date_gmt":"2024-05-30T13:53:06","guid":{"rendered":"https:\/\/www.actualidadadiario.com\/?p=115307"},"modified":"2024-05-30T10:53:06","modified_gmt":"2024-05-30T13:53:06","slug":"galimberti-impulso-reducir-a-0-el-iva-de-los-productos-de-la-canasta-basica-alimentaria","status":"publish","type":"post","link":"https:\/\/www.actualidadadiario.com\/index.php\/2024\/05\/30\/galimberti-impulso-reducir-a-0-el-iva-de-los-productos-de-la-canasta-basica-alimentaria\/","title":{"rendered":"Galimberti impuls\u00f3 reducir a 0% el IVA de los productos de la Canasta B\u00e1sica Alimentaria"},"content":{"rendered":"<p style=\"text-align: center;\"><em><strong>Se trata de una iniciativa conjunta con el Diputado Nacional Fernando Carbajal (UCR-Formosa), que cuenta con el apoyo del Diputado Facundo Manes, entre otros. La exenci\u00f3n ser\u00eda aplicable cuando el comprador sea un consumidor final, y el producto adquirido sea para uso o consumo particular<\/strong><\/em><\/p>\n<p>&nbsp;<\/p>\n<p>&nbsp;<\/p>\n<p>El objetivo, indican Galimberti y Carbajal en los fundamentos,\u00a0 &#8220;consiste en lograr un esfuerzo por parte del gobierno nacional para atender la creciente problem\u00e1tica inflacionaria por el cual atraviesa la naci\u00f3n desde hace varios a\u00f1os&#8221;. Durante 2023, seg\u00fan argumentan,\u00a0 la variaci\u00f3n anual de la Canasta B\u00e1sica Alimentaria que se utiliza para medir el nivel de indigencia de los argentinos, fue de 258%.<\/p>\n<p>Adem\u00e1s de la escalada inflacionaria los legisladores se\u00f1alan que hay una constante p\u00e9rdida adquisitiva de los salarios, debido a los aumentos de los costos en los servicios y dem\u00e1s productos, y que el proyecto de ley pretende mejorar el ingreso disponible y, consecuentemente, la capacidad de compra de todos los sectores sociales de la Argentina, principalmente para los m\u00e1s vulnerables, quienes destinan al consumo de bienes de primera necesidad la totalidad o gran parte de sus ingresos.<\/p>\n<p>De tener un tr\u00e1mite parlamentario favorable varios ser\u00edan los productos de la canasta b\u00e1sica alimentaria que podr\u00edan tener IVA 0%, entre ellos los siguientes: agua, leche, yogures, pan; carnes, huevos, aceites, cereales y granos para la alimentaci\u00f3n humana; harinas, almidones, f\u00e9culas, fari\u00f1a, semolados; variedades de harina para sopa y pur\u00e9s, conservas alimenticias, pastas, az\u00facares y edulcorantes nutritivos, mieles y sus productos derivados, frutas, legumbres y hortalizas, yerba mate, mate cocido y t\u00e9 y sales, cada uno de ellos con las especificaciones contempladas en el proyecto de ley.<\/p>\n<p>El proyecto tambi\u00e9n beneficia al Estado nacional, las provincias, municipalidades, la Ciudad Aut\u00f3noma de Buenos Aires, organismos centralizados o descentralizados de sus dependencias, comedores escolares o universitarios, obras sociales, entre otras entidades.<\/p>\n","protected":false},"excerpt":{"rendered":"<p>Se trata de una iniciativa conjunta con el Diputado Nacional Fernando Carbajal (UCR-Formosa), que cuenta con el apoyo del Diputado Facundo Manes, entre otros. La exenci\u00f3n ser\u00eda aplicable cuando el comprador sea un consumidor final, y el producto adquirido sea para uso o consumo particular &nbsp; &nbsp; El objetivo, indican Galimberti y Carbajal en los fundamentos,\u00a0 &#8220;consiste en lograr un esfuerzo por parte del gobierno nacional para atender la creciente problem\u00e1tica inflacionaria por el cual atraviesa la naci\u00f3n desde hace varios a\u00f1os&#8221;. Durante 2023, seg\u00fan argumentan,\u00a0 la variaci\u00f3n anual de&#8230;<\/p>\n","protected":false},"author":3,"featured_media":103796,"comment_status":"closed","ping_status":"closed","sticky":false,"template":"","format":"standard","meta":[],"categories":[15],"tags":[],"_links":{"self":[{"href":"https:\/\/www.actualidadadiario.com\/index.php\/wp-json\/wp\/v2\/posts\/115307"}],"collection":[{"href":"https:\/\/www.actualidadadiario.com\/index.php\/wp-json\/wp\/v2\/posts"}],"about":[{"href":"https:\/\/www.actualidadadiario.com\/index.php\/wp-json\/wp\/v2\/types\/post"}],"author":[{"embeddable":true,"href":"https:\/\/www.actualidadadiario.com\/index.php\/wp-json\/wp\/v2\/users\/3"}],"replies":[{"embeddable":true,"href":"https:\/\/www.actualidadadiario.com\/index.php\/wp-json\/wp\/v2\/comments?post=115307"}],"version-history":[{"count":1,"href":"https:\/\/www.actualidadadiario.com\/index.php\/wp-json\/wp\/v2\/posts\/115307\/revisions"}],"predecessor-version":[{"id":115308,"href":"https:\/\/www.actualidadadiario.com\/index.php\/wp-json\/wp\/v2\/posts\/115307\/revisions\/115308"}],"wp:featuredmedia":[{"embeddable":true,"href":"https:\/\/www.actualidadadiario.com\/index.php\/wp-json\/wp\/v2\/media\/103796"}],"wp:attachment":[{"href":"https:\/\/www.actualidadadiario.com\/index.php\/wp-json\/wp\/v2\/media?parent=115307"}],"wp:term":[{"taxonomy":"category","embeddable":true,"href":"https:\/\/www.actualidadadiario.com\/index.php\/wp-json\/wp\/v2\/categories?post=115307"},{"taxonomy":"post_tag","embeddable":true,"href":"https:\/\/www.actualidadadiario.com\/index.php\/wp-json\/wp\/v2\/tags?post=115307"}],"curies":[{"name":"wp","href":"https:\/\/api.w.org\/{rel}","templated":true}]}}