{"id":115304,"date":"2024-05-30T10:52:23","date_gmt":"2024-05-30T13:52:23","guid":{"rendered":"https:\/\/www.actualidadadiario.com\/?p=115304"},"modified":"2024-05-30T10:52:23","modified_gmt":"2024-05-30T13:52:23","slug":"encuentro-con-senadores-de-juntos-por-entre-rios-enfocado-en-la-reforma-politica","status":"publish","type":"post","link":"https:\/\/www.actualidadadiario.com\/index.php\/2024\/05\/30\/encuentro-con-senadores-de-juntos-por-entre-rios-enfocado-en-la-reforma-politica\/","title":{"rendered":"Encuentro con senadores de Juntos por Entre R\u00edos enfocado en la reforma pol\u00edtica"},"content":{"rendered":"<p style=\"text-align: center;\"><em><strong>El secretario General de la Gobernaci\u00f3n, Mauricio Colello, y el ministro de Gobierno y Trabajo, Manuel Troncoso, mantuvieron un encuentro con el bloque de senadores de Juntos por Entre R\u00edos. Abordaron diversos temas, entre ellos, la reforma pol\u00edtica que impulsa el gobierno<\/strong><\/em><\/p>\n<p>&nbsp;<\/p>\n<p>&nbsp;<\/p>\n<p>Los funcionarios fueron acompa\u00f1ados por el secretario de Asuntos Pol\u00edticos, Juli\u00e1n Maneiro, qui\u00e9n brind\u00f3 un panorama detallado sobre la iniciativa y el trabajo en el borrador del proyecto de ley. Resaltaron la intenci\u00f3n de generar una instancia de debate para que la reforma pol\u00edtica salga con consenso.<\/p>\n<p>Maneiro explic\u00f3 que &#8220;se busca un instrumento m\u00e1s hacia el modelo de C\u00f3rdoba y Mendoza, o alguna combinaci\u00f3n&#8221; y agreg\u00f3 que &#8220;no es una simple modificaci\u00f3n del sistema de votaci\u00f3n o de boletas sino que es un proyecto integral que establece nuevos criterios en cuanto a los plazos de campa\u00f1a, actos, publicidad, financiamiento, etc\u00e9tera&#8221;.<\/p>\n<p>El funcionario inform\u00f3 a los legisladores la agenda de encuentros y di\u00e1logo con diferentes fuerzas pol\u00edticas, intendentes y el sector acad\u00e9mico.<\/p>\n<p>Participaron los senadores de Diamante, Gustavo Vergara; de Nogoy\u00e1, Rafael Cavagna; de Col\u00f3n, Ramiro Favre; de Concordia, Gloria Cozzi; de Federaci\u00f3n, Rub\u00e9n Dal Mol\u00edn; de Gualeguay, Alberto Otaegui, de Gualeguaych\u00fa, Jaime Benedetti; y de Islas del Ibicuy, Hern\u00e1n M\u00e9ndez. Adem\u00e1s estuvo presente el secretario de Gobiernos Locales, Miguel Heft.<\/p>\n","protected":false},"excerpt":{"rendered":"<p>El secretario General de la Gobernaci\u00f3n, Mauricio Colello, y el ministro de Gobierno y Trabajo, Manuel Troncoso, mantuvieron un encuentro con el bloque de senadores de Juntos por Entre R\u00edos. Abordaron diversos temas, entre ellos, la reforma pol\u00edtica que impulsa el gobierno &nbsp; &nbsp; Los funcionarios fueron acompa\u00f1ados por el secretario de Asuntos Pol\u00edticos, Juli\u00e1n Maneiro, qui\u00e9n brind\u00f3 un panorama detallado sobre la iniciativa y el trabajo en el borrador del proyecto de ley. Resaltaron la intenci\u00f3n de generar una instancia de debate para que la reforma pol\u00edtica salga con&#8230;<\/p>\n","protected":false},"author":3,"featured_media":115305,"comment_status":"closed","ping_status":"closed","sticky":false,"template":"","format":"standard","meta":[],"categories":[15],"tags":[],"_links":{"self":[{"href":"https:\/\/www.actualidadadiario.com\/index.php\/wp-json\/wp\/v2\/posts\/115304"}],"collection":[{"href":"https:\/\/www.actualidadadiario.com\/index.php\/wp-json\/wp\/v2\/posts"}],"about":[{"href":"https:\/\/www.actualidadadiario.com\/index.php\/wp-json\/wp\/v2\/types\/post"}],"author":[{"embeddable":true,"href":"https:\/\/www.actualidadadiario.com\/index.php\/wp-json\/wp\/v2\/users\/3"}],"replies":[{"embeddable":true,"href":"https:\/\/www.actualidadadiario.com\/index.php\/wp-json\/wp\/v2\/comments?post=115304"}],"version-history":[{"count":1,"href":"https:\/\/www.actualidadadiario.com\/index.php\/wp-json\/wp\/v2\/posts\/115304\/revisions"}],"predecessor-version":[{"id":115306,"href":"https:\/\/www.actualidadadiario.com\/index.php\/wp-json\/wp\/v2\/posts\/115304\/revisions\/115306"}],"wp:featuredmedia":[{"embeddable":true,"href":"https:\/\/www.actualidadadiario.com\/index.php\/wp-json\/wp\/v2\/media\/115305"}],"wp:attachment":[{"href":"https:\/\/www.actualidadadiario.com\/index.php\/wp-json\/wp\/v2\/media?parent=115304"}],"wp:term":[{"taxonomy":"category","embeddable":true,"href":"https:\/\/www.actualidadadiario.com\/index.php\/wp-json\/wp\/v2\/categories?post=115304"},{"taxonomy":"post_tag","embeddable":true,"href":"https:\/\/www.actualidadadiario.com\/index.php\/wp-json\/wp\/v2\/tags?post=115304"}],"curies":[{"name":"wp","href":"https:\/\/api.w.org\/{rel}","templated":true}]}}