{"id":115298,"date":"2024-05-29T12:12:40","date_gmt":"2024-05-29T15:12:40","guid":{"rendered":"https:\/\/www.actualidadadiario.com\/?p=115298"},"modified":"2024-05-29T12:12:40","modified_gmt":"2024-05-29T15:12:40","slug":"el-controversial-mensaje-de-victoria-villarruel-por-el-dia-del-ejercito","status":"publish","type":"post","link":"https:\/\/www.actualidadadiario.com\/index.php\/2024\/05\/29\/el-controversial-mensaje-de-victoria-villarruel-por-el-dia-del-ejercito\/","title":{"rendered":"El controversial mensaje de Victoria Villarruel por el D\u00eda del Ej\u00e9rcito"},"content":{"rendered":"<p style=\"text-align: center;\"><em><strong>La Vicepresidenta le agradeci\u00f3 a los efectivos de seguridad y record\u00f3 la labor de su padre<\/strong><\/em><\/p>\n<p>&nbsp;<\/p>\n<p>&nbsp;<\/p>\n<p>La vicepresidenta Victoria Villarruel felicit\u00f3 al ej\u00e9rcito argentino en su d\u00eda con un controversial mensaje que public\u00f3 en redes sociales. \u201c\u00a1Feliz D\u00eda del Ej\u00e9rcito Argentino! Orgullosa hija de un militar\u201d, destac\u00f3.<\/p>\n<p>A trav\u00e9s de su cuenta de X, exTwitter, la titular del Senado destac\u00f3 la labor de su padre, el ex teniente coronel Eduardo Marcelo Villarruel, al que le atribuy\u00f3 la defensa \u201ccontra los terroristas del ERP en el monte tucumano y en Malvinas ante la usurpaci\u00f3n inglesa\u201d.<\/p>\n<p>\u201c\u00a1Feliz D\u00eda del Ej\u00e9rcito Argentino! Orgullosa hija de un militar que visti\u00f3 el uniforme de la Patria y la defendi\u00f3 contra los terroristas del ERP en el monte tucumano y en Malvinas ante la usurpaci\u00f3n inglesa\u201d, rememor\u00f3.<\/p>\n<p>En la misma l\u00ednea, Villarruel cerr\u00f3: \u201cA todos los hombres y mujeres que integran el Ej\u00e9rcito un abrazo de esta Vicepresidente que les agradece el sacrificio diario. \u00a1Todo por Argentina!\u201d.<\/p>\n<p>La vice es una reconocida defensora de las Fuerzas Armadas que marcaron su historia familiar. Incluso, el pasado 2 de abril, se mostr\u00f3 emocionada al recordar la tarea de su padre en el marco del homenaje a los ca\u00eddos y veteranos de la guerra contra el Reino Unido.<\/p>\n<p>En su mensaje hace referencia al \u201cOperativo Independencia\u201d ordenado por el gobierno de Mar\u00eda Estela Mart\u00ednez de Per\u00f3n, el 5 de febrero de 1975, para \u201cneutralizar y\/o aniquilar\u201d el accionar de lo que se consideraba como \u201celementos subversivos\u201d en la provincia de Tucum\u00e1n.<\/p>\n<p>Por Ej\u00e9rcito Revolucionario del Pueblo (ERP) la segunda de Javier Milei habla del brazo armado del Partido Revolucionario de los Trabajadores.<\/p>\n","protected":false},"excerpt":{"rendered":"<p>La Vicepresidenta le agradeci\u00f3 a los efectivos de seguridad y record\u00f3 la labor de su padre &nbsp; &nbsp; La vicepresidenta Victoria Villarruel felicit\u00f3 al ej\u00e9rcito argentino en su d\u00eda con un controversial mensaje que public\u00f3 en redes sociales. \u201c\u00a1Feliz D\u00eda del Ej\u00e9rcito Argentino! Orgullosa hija de un militar\u201d, destac\u00f3. A trav\u00e9s de su cuenta de X, exTwitter, la titular del Senado destac\u00f3 la labor de su padre, el ex teniente coronel Eduardo Marcelo Villarruel, al que le atribuy\u00f3 la defensa \u201ccontra los terroristas del ERP en el monte tucumano y&#8230;<\/p>\n","protected":false},"author":3,"featured_media":115299,"comment_status":"closed","ping_status":"closed","sticky":false,"template":"","format":"standard","meta":[],"categories":[18],"tags":[],"_links":{"self":[{"href":"https:\/\/www.actualidadadiario.com\/index.php\/wp-json\/wp\/v2\/posts\/115298"}],"collection":[{"href":"https:\/\/www.actualidadadiario.com\/index.php\/wp-json\/wp\/v2\/posts"}],"about":[{"href":"https:\/\/www.actualidadadiario.com\/index.php\/wp-json\/wp\/v2\/types\/post"}],"author":[{"embeddable":true,"href":"https:\/\/www.actualidadadiario.com\/index.php\/wp-json\/wp\/v2\/users\/3"}],"replies":[{"embeddable":true,"href":"https:\/\/www.actualidadadiario.com\/index.php\/wp-json\/wp\/v2\/comments?post=115298"}],"version-history":[{"count":1,"href":"https:\/\/www.actualidadadiario.com\/index.php\/wp-json\/wp\/v2\/posts\/115298\/revisions"}],"predecessor-version":[{"id":115300,"href":"https:\/\/www.actualidadadiario.com\/index.php\/wp-json\/wp\/v2\/posts\/115298\/revisions\/115300"}],"wp:featuredmedia":[{"embeddable":true,"href":"https:\/\/www.actualidadadiario.com\/index.php\/wp-json\/wp\/v2\/media\/115299"}],"wp:attachment":[{"href":"https:\/\/www.actualidadadiario.com\/index.php\/wp-json\/wp\/v2\/media?parent=115298"}],"wp:term":[{"taxonomy":"category","embeddable":true,"href":"https:\/\/www.actualidadadiario.com\/index.php\/wp-json\/wp\/v2\/categories?post=115298"},{"taxonomy":"post_tag","embeddable":true,"href":"https:\/\/www.actualidadadiario.com\/index.php\/wp-json\/wp\/v2\/tags?post=115298"}],"curies":[{"name":"wp","href":"https:\/\/api.w.org\/{rel}","templated":true}]}}